{"id":779,"date":"2019-02-07T20:27:46","date_gmt":"2019-02-07T19:27:46","guid":{"rendered":"https:\/\/www.ovs-sic.be\/fr\/?p=779"},"modified":"2019-02-09T05:08:26","modified_gmt":"2019-02-09T04:08:26","slug":"greve-generale-du-13-fevrier-la-position-du-sic","status":"publish","type":"post","link":"https:\/\/www.ovs-sic.be\/fr\/greve-generale-du-13-fevrier-la-position-du-sic\/","title":{"rendered":"Gr\u00e8ve g\u00e9n\u00e9rale du 13 f\u00e9vrier, la position du SIC"},"content":{"rendered":"\n<p>Les trois syndicats FGTB, CSC et CGSLB ont\nappel\u00e9 \u00e0 une gr\u00e8ve nationale le 13 f\u00e9vrier, tant dans le secteur priv\u00e9 que\npublic.<\/p>\n\n\n\n<p>Selon notre analyse, cette action vise\nprincipalement \u00e0 accro\u00eetre la pression sur les interlocuteurs du dialogue\nsocial dans le secteur priv\u00e9 et implique principalement le secteur public pour\nmaximiser l&rsquo;impact de cette action.<\/p>\n\n\n\n<p>Cependant, le personnel des chemins de fer\na vu son statut diminuer d&rsquo;ann\u00e9e en ann\u00e9e et se sent souvent ignor\u00e9 dans des\nplaintes sp\u00e9cifiques telles que des p\u00e9nuries dramatiques de personnel et des\nprobl\u00e8mes de s\u00e9curit\u00e9. Par cons\u00e9quent, de nombreux agents ne ressentent pas le\nbesoin de participer \u00e0 une action avec un ensemble d&rsquo;exigences allant au-del\u00e0\ndes probl\u00e8mes sp\u00e9cifiques du secteur ferroviaire en g\u00e9n\u00e9ral et de leur propre\ncat\u00e9gorie professionnelle en particulier.<\/p>\n\n\n\n<p>N\u00e9anmoins, le SIC croit sinc\u00e8rement \u00e0 la\nsolidarit\u00e9 entre les secteurs. Apr\u00e8s tout, il existe une interaction entre le\nsalaire et les conditions de travail dans les secteurs priv\u00e9 et public, une\nam\u00e9lioration dans un secteur pouvant servir de levier pour forcer une\nam\u00e9lioration dans l&rsquo;autre secteur \u00e9galement. Dans ce cadre, le Comit\u00e9 Directeur\ndu SIC a d\u00e9cid\u00e9 d&rsquo;exprimer son soutien \u00e0 cette action. Les membres qui\nsouhaitent participer et qui ont exprim\u00e9 une intention de gr\u00e8ve dans le cadre\ndu service minimum sont couverts r\u00e9glementairement par les pr\u00e9avis d\u00e9pos\u00e9s par\nles autres organisations syndicales.<\/p>\n\n\n\n<p>Pour l\u2019avenir, nous esp\u00e9rons qu\u2019une\nmobilisation massive pourra \u00eatre r\u00e9alis\u00e9e au-del\u00e0 des fronti\u00e8res syndicales\npour contrer les attaques incessantes du statut des cheminots et des plans\nd\u2019\u00e9conomies impos\u00e9s par les Chemins de fer belges.<\/p>\n","protected":false},"excerpt":{"rendered":"<p><!-- wp:paragraph --><\/p>\n<p>Les trois syndicats FGTB, CSC et CGSLB ont<br \/>\nappel\u00e9 \u00e0 une gr\u00e8ve nationale le 13 f\u00e9vrier, tant dans le secteur priv\u00e9 que<br \/>\npublic.<\/p>\n<p><!-- \/wp:paragraph --><\/p>\n<p><!-- wp:paragraph --><\/p>\n<p>Selon notre analyse, cette action vise<br \/>\nprincipalement \u00e0 accro\u00eetre la pression sur les interlocuteurs du dialogue<br \/>\nsocial dans le secteur priv\u00e9 et implique principalement le secteur public pour<br \/>\nmaximiser l&rsquo;impact de cette action.<\/p>\n<p><!-- \/wp:paragraph --><\/p>\n","protected":false},"author":1,"featured_media":784,"comment_status":"open","ping_status":"open","sticky":false,"template":"","format":"standard","meta":{"jetpack_post_was_ever_published":false,"_jetpack_newsletter_access":"","_jetpack_dont_email_post_to_subs":false,"_jetpack_newsletter_tier_id":0,"_jetpack_memberships_contains_paywalled_content":false,"_jetpack_memberships_contains_paid_content":false,"footnotes":"","jetpack_publicize_message":"","jetpack_publicize_feature_enabled":true,"jetpack_social_post_already_shared":true,"jetpack_social_options":{"image_generator_settings":{"template":"highway","default_image_id":0,"font":"","enabled":false},"version":2}},"categories":[6],"tags":[],"class_list":["post-779","post","type-post","status-publish","format-standard","has-post-thumbnail","hentry","category-algemeen"],"jetpack_publicize_connections":[],"jetpack_featured_media_url":"https:\/\/i0.wp.com\/www.ovs-sic.be\/fr\/wp-content\/uploads\/sites\/4\/2019\/02\/strike-3.jpg?fit=1280%2C590&ssl=1","jetpack_sharing_enabled":true,"jetpack_shortlink":"https:\/\/wp.me\/p9lyc6-cz","jetpack_likes_enabled":true,"jetpack-related-posts":[{"id":894,"url":"https:\/\/www.ovs-sic.be\/fr\/accompagnement-des-trains-preavis-de-greve\/","url_meta":{"origin":779,"position":0},"title":"ACCOMPAGNEMENT DES TRAINS &#8211; PREAVIS DE GREVE","author":"","date":"19 juillet 2019","format":false,"excerpt":"Bruxelles, le 17 juillet 2019 PREAVIS DE GREVE POUR LE PERSONNEL D\u2019ACCOMPAGNEMENT DES TRAINS ACCOMPAGNATEURS DE TRAIN \u2013 MANQUE DE PERSONNEL \u2013 NEGOCIATIONS AVEC LA DIRECTION - AFFAIRE NON CONCLUE Apr\u00e8s de nombreuses r\u00e9unions infructueuses et \u00e0 la demande des gens de terrain, le SIC avait activ\u00e9, le trois juillet\u2026","rel":"","context":"Dans &quot;Infos G\u00e9n\u00e9rales&quot;","block_context":{"text":"Infos G\u00e9n\u00e9rales","link":"https:\/\/www.ovs-sic.be\/fr\/category\/algemeen\/"},"img":{"alt_text":"","src":"https:\/\/i0.wp.com\/www.ovs-sic.be\/fr\/wp-content\/uploads\/sites\/4\/2019\/07\/IMG_20190718_115016_resized_20190718_115130834.jpg?fit=848%2C1200&ssl=1&resize=350%2C200","width":350,"height":200,"srcset":"https:\/\/i0.wp.com\/www.ovs-sic.be\/fr\/wp-content\/uploads\/sites\/4\/2019\/07\/IMG_20190718_115016_resized_20190718_115130834.jpg?fit=848%2C1200&ssl=1&resize=350%2C200 1x, https:\/\/i0.wp.com\/www.ovs-sic.be\/fr\/wp-content\/uploads\/sites\/4\/2019\/07\/IMG_20190718_115016_resized_20190718_115130834.jpg?fit=848%2C1200&ssl=1&resize=525%2C300 1.5x, https:\/\/i0.wp.com\/www.ovs-sic.be\/fr\/wp-content\/uploads\/sites\/4\/2019\/07\/IMG_20190718_115016_resized_20190718_115130834.jpg?fit=848%2C1200&ssl=1&resize=700%2C400 2x"},"classes":[]},{"id":1279,"url":"https:\/\/www.ovs-sic.be\/fr\/pourquoi-le-sic-suit-la-greve-de-novembre\/","url_meta":{"origin":779,"position":1},"title":"Pourquoi le SIC suit la gr\u00e8ve de novembre ?","author":"Admin","date":"2 novembre 2023","format":false,"excerpt":"Chers membres et sympathisants,Comme vous le savez probablement, le front commun syndical regroupant la CGSP, la CSC Transcom et le SLFP a annonc\u00e9 une gr\u00e8ve du 7 novembre 2023 \u00e0 22h au 9 novembre 2023 \u00e0 22h. Le Syndicat Ind\u00e9pendant pour Cheminots (SIC) participera pleinement \u00e0 cette gr\u00e8ve.Nous pla\u00e7ons les\u2026","rel":"","context":"Dans &quot;Infos G\u00e9n\u00e9rales&quot;","block_context":{"text":"Infos G\u00e9n\u00e9rales","link":"https:\/\/www.ovs-sic.be\/fr\/category\/algemeen\/"},"img":{"alt_text":"","src":"https:\/\/i0.wp.com\/www.ovs-sic.be\/fr\/wp-content\/uploads\/sites\/4\/2021\/09\/LEDENGELD-1.png?fit=640%2C318&ssl=1&resize=350%2C200","width":350,"height":200,"srcset":"https:\/\/i0.wp.com\/www.ovs-sic.be\/fr\/wp-content\/uploads\/sites\/4\/2021\/09\/LEDENGELD-1.png?fit=640%2C318&ssl=1&resize=350%2C200 1x, https:\/\/i0.wp.com\/www.ovs-sic.be\/fr\/wp-content\/uploads\/sites\/4\/2021\/09\/LEDENGELD-1.png?fit=640%2C318&ssl=1&resize=525%2C300 1.5x"},"classes":[]},{"id":513,"url":"https:\/\/www.ovs-sic.be\/fr\/513-2\/","url_meta":{"origin":779,"position":2},"title":"Mise en \u0153uvre du service minimum \/ categories essentielles du personnel","author":"Admin","date":"3 avril 2018","format":false,"excerpt":"Depuis le 7 mars, la loi imposant aux Chemins de fer belges d'organiser la continuit\u00e9 du service aux voyageurs en cas de gr\u00e8ve est applicable. Pour r\u00e9pondre \u00e0 cette exigence, une offre de transport adapt\u00e9e doit \u00eatre \u00e9labor\u00e9e, pour chaque jour de gr\u00e8ve, sur la base du nombre de collaborateurs\u2026","rel":"","context":"Dans &quot;Infos G\u00e9n\u00e9rales&quot;","block_context":{"text":"Infos G\u00e9n\u00e9rales","link":"https:\/\/www.ovs-sic.be\/fr\/category\/algemeen\/"},"img":{"alt_text":"","src":"https:\/\/i0.wp.com\/www.ovs-sic.be\/fr\/wp-content\/uploads\/sites\/4\/2018\/04\/Afbeelding2-e1522714923129.png?fit=700%2C465&ssl=1&resize=350%2C200","width":350,"height":200,"srcset":"https:\/\/i0.wp.com\/www.ovs-sic.be\/fr\/wp-content\/uploads\/sites\/4\/2018\/04\/Afbeelding2-e1522714923129.png?fit=700%2C465&ssl=1&resize=350%2C200 1x, https:\/\/i0.wp.com\/www.ovs-sic.be\/fr\/wp-content\/uploads\/sites\/4\/2018\/04\/Afbeelding2-e1522714923129.png?fit=700%2C465&ssl=1&resize=525%2C300 1.5x, https:\/\/i0.wp.com\/www.ovs-sic.be\/fr\/wp-content\/uploads\/sites\/4\/2018\/04\/Afbeelding2-e1522714923129.png?fit=700%2C465&ssl=1&resize=700%2C400 2x"},"classes":[]},{"id":908,"url":"https:\/\/www.ovs-sic.be\/fr\/aucun-engagement-seulement-quelques-garanties\/","url_meta":{"origin":779,"position":3},"title":"Aucun engagement, seulement quelques garanties !","author":"Admin","date":"14 ao\u00fbt 2019","format":false,"excerpt":"Lors de la r\u00e9union de conciliation organis\u00e9e en r\u00e9ponse au pr\u00e9avis de gr\u00e8ve du 17 ao\u00fbt, une divergence de vues fondamentale avec la direction sur les probl\u00e8mes des cong\u00e9s des accompagnateurs de train s'est \u00e0 nouveau manifest\u00e9e. A l'unanimit\u00e9 des agents, la proposition de la direction (15% en juillet 2020)\u2026","rel":"","context":"Dans &quot;Infos Asco&quot;","block_context":{"text":"Infos Asco","link":"https:\/\/www.ovs-sic.be\/fr\/category\/veco\/"},"img":{"alt_text":"","src":"https:\/\/i0.wp.com\/www.ovs-sic.be\/fr\/wp-content\/uploads\/sites\/4\/2019\/08\/FB_IMG_1565773198067.jpg?fit=1163%2C960&ssl=1&resize=350%2C200","width":350,"height":200,"srcset":"https:\/\/i0.wp.com\/www.ovs-sic.be\/fr\/wp-content\/uploads\/sites\/4\/2019\/08\/FB_IMG_1565773198067.jpg?fit=1163%2C960&ssl=1&resize=350%2C200 1x, https:\/\/i0.wp.com\/www.ovs-sic.be\/fr\/wp-content\/uploads\/sites\/4\/2019\/08\/FB_IMG_1565773198067.jpg?fit=1163%2C960&ssl=1&resize=525%2C300 1.5x, https:\/\/i0.wp.com\/www.ovs-sic.be\/fr\/wp-content\/uploads\/sites\/4\/2019\/08\/FB_IMG_1565773198067.jpg?fit=1163%2C960&ssl=1&resize=700%2C400 2x, https:\/\/i0.wp.com\/www.ovs-sic.be\/fr\/wp-content\/uploads\/sites\/4\/2019\/08\/FB_IMG_1565773198067.jpg?fit=1163%2C960&ssl=1&resize=1050%2C600 3x"},"classes":[]},{"id":970,"url":"https:\/\/www.ovs-sic.be\/fr\/cpn-23-12-2019-%ef%83%a0-mesures-specifiques-pour-le-personnel-daccompagnement-des-trains\/","url_meta":{"origin":779,"position":4},"title":"CPN 23-12-2019 \uf0e0 MESURES SPECIFIQUES POUR LE PERSONNEL D\u2019ACCOMPAGNEMENT DES TRAINS","author":"","date":"31 d\u00e9cembre 2019","format":false,"excerpt":"La SNCB et les organisations syndicales repr\u00e9sent\u00e9es au sein des organes de concertation paritaires se sont rassembl\u00e9es autour de la table ces derni\u00e8res semaines pour mettre en place certaines mesures au sein de la fili\u00e8re accompagnement des trains. Le projet de document en annexe reprend les diff\u00e9rentes mesures qui seront\u2026","rel":"","context":"Dans &quot;Infos Asco&quot;","block_context":{"text":"Infos Asco","link":"https:\/\/www.ovs-sic.be\/fr\/category\/veco\/"},"img":{"alt_text":"","src":"https:\/\/i0.wp.com\/www.ovs-sic.be\/fr\/wp-content\/uploads\/sites\/4\/2019\/07\/IMG_20190712_143335.jpg?fit=1140%2C666&ssl=1&resize=350%2C200","width":350,"height":200,"srcset":"https:\/\/i0.wp.com\/www.ovs-sic.be\/fr\/wp-content\/uploads\/sites\/4\/2019\/07\/IMG_20190712_143335.jpg?fit=1140%2C666&ssl=1&resize=350%2C200 1x, https:\/\/i0.wp.com\/www.ovs-sic.be\/fr\/wp-content\/uploads\/sites\/4\/2019\/07\/IMG_20190712_143335.jpg?fit=1140%2C666&ssl=1&resize=525%2C300 1.5x, https:\/\/i0.wp.com\/www.ovs-sic.be\/fr\/wp-content\/uploads\/sites\/4\/2019\/07\/IMG_20190712_143335.jpg?fit=1140%2C666&ssl=1&resize=700%2C400 2x, https:\/\/i0.wp.com\/www.ovs-sic.be\/fr\/wp-content\/uploads\/sites\/4\/2019\/07\/IMG_20190712_143335.jpg?fit=1140%2C666&ssl=1&resize=1050%2C600 3x"},"classes":[]},{"id":932,"url":"https:\/\/www.ovs-sic.be\/fr\/menaces-politiques-sur-les-statuts-la-concertation-sociale-et-le-fonctionnement-des-syndicats\/","url_meta":{"origin":779,"position":5},"title":"MENACES POLITIQUES SUR LES STATUTS, LA CONCERTATION SOCIALE ET LE FONCTIONNEMENT DES SYNDICATS","author":"","date":"8 novembre 2019","format":false,"excerpt":"Les cheminots doivent faire face en cette fin d\u2019ann\u00e9e \u00e0 de nombreuses attaques. En effet, tant le pouvoir politique (principalement la N-VA) via de nombreux projets de Lois que la direction H-HR au travers du projet d\u2019accord social 2020-2022 veulent mettre \u00e0 mal les statuts et les couvertures sociales des\u2026","rel":"","context":"Dans &quot;Infos G\u00e9n\u00e9rales&quot;","block_context":{"text":"Infos G\u00e9n\u00e9rales","link":"https:\/\/www.ovs-sic.be\/fr\/category\/algemeen\/"},"img":{"alt_text":"","src":"https:\/\/i0.wp.com\/www.ovs-sic.be\/fr\/wp-content\/uploads\/sites\/4\/2019\/11\/IMG_20191108_111238.jpg?fit=1200%2C826&ssl=1&resize=350%2C200","width":350,"height":200,"srcset":"https:\/\/i0.wp.com\/www.ovs-sic.be\/fr\/wp-content\/uploads\/sites\/4\/2019\/11\/IMG_20191108_111238.jpg?fit=1200%2C826&ssl=1&resize=350%2C200 1x, https:\/\/i0.wp.com\/www.ovs-sic.be\/fr\/wp-content\/uploads\/sites\/4\/2019\/11\/IMG_20191108_111238.jpg?fit=1200%2C826&ssl=1&resize=525%2C300 1.5x, https:\/\/i0.wp.com\/www.ovs-sic.be\/fr\/wp-content\/uploads\/sites\/4\/2019\/11\/IMG_20191108_111238.jpg?fit=1200%2C826&ssl=1&resize=700%2C400 2x, https:\/\/i0.wp.com\/www.ovs-sic.be\/fr\/wp-content\/uploads\/sites\/4\/2019\/11\/IMG_20191108_111238.jpg?fit=1200%2C826&ssl=1&resize=1050%2C600 3x"},"classes":[]}],"_links":{"self":[{"href":"https:\/\/www.ovs-sic.be\/fr\/wp-json\/wp\/v2\/posts\/779","targetHints":{"allow":["GET"]}}],"collection":[{"href":"https:\/\/www.ovs-sic.be\/fr\/wp-json\/wp\/v2\/posts"}],"about":[{"href":"https:\/\/www.ovs-sic.be\/fr\/wp-json\/wp\/v2\/types\/post"}],"author":[{"embeddable":true,"href":"https:\/\/www.ovs-sic.be\/fr\/wp-json\/wp\/v2\/users\/1"}],"replies":[{"embeddable":true,"href":"https:\/\/www.ovs-sic.be\/fr\/wp-json\/wp\/v2\/comments?post=779"}],"version-history":[{"count":2,"href":"https:\/\/www.ovs-sic.be\/fr\/wp-json\/wp\/v2\/posts\/779\/revisions"}],"predecessor-version":[{"id":786,"href":"https:\/\/www.ovs-sic.be\/fr\/wp-json\/wp\/v2\/posts\/779\/revisions\/786"}],"wp:featuredmedia":[{"embeddable":true,"href":"https:\/\/www.ovs-sic.be\/fr\/wp-json\/wp\/v2\/media\/784"}],"wp:attachment":[{"href":"https:\/\/www.ovs-sic.be\/fr\/wp-json\/wp\/v2\/media?parent=779"}],"wp:term":[{"taxonomy":"category","embeddable":true,"href":"https:\/\/www.ovs-sic.be\/fr\/wp-json\/wp\/v2\/categories?post=779"},{"taxonomy":"post_tag","embeddable":true,"href":"https:\/\/www.ovs-sic.be\/fr\/wp-json\/wp\/v2\/tags?post=779"}],"curies":[{"name":"wp","href":"https:\/\/api.w.org\/{rel}","templated":true}]}}