{"id":759,"date":"2019-01-28T12:27:54","date_gmt":"2019-01-28T11:27:54","guid":{"rendered":"https:\/\/www.ovs-sic.be\/fr\/?p=759"},"modified":"2019-01-28T12:47:45","modified_gmt":"2019-01-28T11:47:45","slug":"changement-pour-le-droit-a-lassurabilite-de-la-caisse-des-soins-de-sante-en-qualite-de-personne-a-charge-de-pensionnes","status":"publish","type":"post","link":"https:\/\/www.ovs-sic.be\/fr\/changement-pour-le-droit-a-lassurabilite-de-la-caisse-des-soins-de-sante-en-qualite-de-personne-a-charge-de-pensionnes\/","title":{"rendered":"CHANGEMENT POUR LE DROIT A L\u2019ASSURABILITE DE LA CAISSE DES SOINS DE SANTE EN QUALITE DE PERSONNE A CHARGE DE PENSIONNES !"},"content":{"rendered":"\n<p><strong>Annulation du droit d\u2019option en qualit\u00e9 de personne \u00e0 charge pour les pensionn\u00e9s avec une carri\u00e8re professionnelle de moins d\u2019un tiers de carri\u00e8re compl\u00e8te \u00e0 partir du 01.01.2019.<\/strong><\/p>\n\n\n\n<p><strong><u class=\"remove-format\">G\u00e9n\u00e9ralit\u00e9s<\/u><\/strong><\/p>\n\n\n\n<p>A partir du 01\/01\/2019, les retrait\u00e9s et les veuves pouvant pr\u00e9tendre \u00e0\ndes soins m\u00e9dicaux sans paiement de cotisations personnelles, ne pourront plus\n\u00eatre affili\u00e9s en qualit\u00e9 de personne \u00e0 charge.<\/p>\n\n\n\n<p>Ils devront obligatoirement \u00eatre affili\u00e9s en qualit\u00e9 de titulaire, m\u00eame\ns\u2019ils b\u00e9n\u00e9ficient d\u2019une pension correspondant \u00e0 une carri\u00e8re professionnelle de\nmoins d\u2019un tiers de la carri\u00e8re compl\u00e8te ou consid\u00e9r\u00e9e comme telle. <\/p>\n\n\n\n<p>La nouvelle r\u00e9glementation est d\u2019application pour les inscriptions en\nqualit\u00e9 de personne \u00e0 charge \u00e0 partir du 01.01.2019.<\/p>\n\n\n\n<p>Cependant les situations acquises sont maintenues. Les b\u00e9n\u00e9ficiaires qui\nsont d\u00e9j\u00e0 inscrits en qualit\u00e9 de personne \u00e0 charge et qui per\u00e7oivent une\npension de moins d\u2019un tiers de carri\u00e8re, peuvent conserver ce statut apr\u00e8s le\n01.01.2019 sauf si leur situation change apr\u00e8s cette date.<\/p>\n\n\n\n<p>Lorsqu\u2019une personne avec une pension de moins d\u2019un tiers de carri\u00e8re\nprofessionnelle a choisi de s\u2019inscrire en tant que pensionn\u00e9 titulaire et\nsouhaite modifier ce choix en d\u00e9cembre 2018 pour \u00eatre affili\u00e9e en qualit\u00e9 de\npersonne \u00e0 charge, la demande doit \u00eatre refus\u00e9e. En effet l\u2019affiliation en\nqualit\u00e9 de personne \u00e0 charge ne prendra cours qu\u2019au 01.01.2019 et \u00e0 ce\nmoment-l\u00e0, la nouvelle r\u00e8glementation sera d\u00e9j\u00e0 en vigueur (Art.124, \u00a7 1, 2\u00b0,\ntroisi\u00e8me alin\u00e9a, AR du 3 juillet 1996).<\/p>\n\n\n\n<p>Si la pension\nprofessionnelle n\u2019est pas li\u00e9e \u00e0 une activit\u00e9 professionnelle aux chemins de\nfer, les personnes sont exclues et doivent s\u2019inscrire dans une autre mutuelle.<\/p>\n\n\n\n<p>L\u2019assurance\nhospitalisation, si elle est li\u00e9e \u00e0 l\u2019affiliation \u00e0 la CSS, est automatiquement\nsuspendue.<\/p>\n\n\n\n<p><strong><u class=\"remove-format\">Exemples<\/u><\/strong><\/p>\n\n\n\n<p>Une personne est affili\u00e9e comme personne \u00e0 charge. Elle re\u00e7oit une pension de moins d\u2019un tiers de la carri\u00e8re professionnelle avant la date du 01.01.2019. Elle peut rester affili\u00e9e comme personne \u00e0 charge apr\u00e8s le 01.01.2019 (sauf si sa qualit\u00e9 change apr\u00e8s le 01.01.2019, voir l\u2019exemple 4).<\/p>\n\n\n\n<p>Une personne est inscrite comme titulaire. Elle re\u00e7oit une pension de moins d\u2019un tiers de la carri\u00e8re professionnelle avant la date du 01.01.2019. Elle demande pour \u00eatre affili\u00e9e comme personne \u00e0 charge apr\u00e8s le 1\/1\/2019. L\u2019affiliation en tant que personne \u00e0 charge n\u2019est pas possible; elle doit s\u2019inscrire en qualit\u00e9 de titulaire \u00e0 partir du 1\/1\/2019;<\/p>\n\n\n\n<p>Une personne est affili\u00e9e en tant que personne \u00e0 charge. Elle re\u00e7oit une pension de moins d\u2019un tiers de la carri\u00e8re professionnelle apr\u00e8s le 01.01.2019. La qualit\u00e9 de personne \u00e0 charge ne peut pas \u00eatre maintenue, quel que soit le montant de la pension. Elle doit s\u2019inscrire comme titulaire sur base de sa pension.<\/p>\n\n\n\n<p>Une personne est affili\u00e9e comme personne \u00e0 charge\/cohabitant depuis le\n01.01.2017, car elle b\u00e9n\u00e9ficie d\u2019une pension de moins d\u2019un tiers de la carri\u00e8re\nprofessionnelle. Le 10 janvier 2019, le titulaire d\u00e9c\u00e8de et elle souhaite \u00eatre\ninscrite en qualit\u00e9 d\u2019ascendant \u00e0 charge de sa fille. Elle satisfait aux\nconditions de cohabitation et de revenus. Elle b\u00e9n\u00e9ficie toujours d\u2019une pension\nde retraite de moins d\u2019un tiers de la carri\u00e8re professionnelle. <\/p>\n\n\n\n<p>En application de la nouvelle r\u00e9glementation, l\u2019int\u00e9ress\u00e9e ne peut pas\n\u00eatre affili\u00e9e en qualit\u00e9 de personne \u00e0 charge \/ascendant. Il s\u2019agit ici d\u2019un\nchangement de qualit\u00e9 et elle b\u00e9n\u00e9ficie d\u2019une pension qui lui conf\u00e8re la\nqualit\u00e9 de titulaire. La nouvelle r\u00e9glementation est d\u2019application. Elle doit\n\u00eatre affili\u00e9e comme titulaire pensionn\u00e9. <\/p>\n\n\n\n<p><strong><u class=\"remove-format\">R\u00e9glementation<\/u><\/strong><\/p>\n\n\n\n<p>Arr\u00eat\u00e9 royal portant modification de l\u2019article\n124 de l\u2019arr\u00eat\u00e9 royal du 3 juillet 1996 portant ex\u00e9cution de la loi relative \u00e0\nl\u2019assurance obligatoire soins de sant\u00e9 et indemnit\u00e9s, coordonn\u00e9e le 14 juillet\n1994 (MB du 30 juillet 2018).<\/p>\n\n\n\n<p>Circulaire INAMI 2018\/355 du\n17\/12\/2018.<\/p>\n","protected":false},"excerpt":{"rendered":"<p><!-- wp:paragraph --><\/p>\n<p><strong>Annulation du droit d\u2019option en qualit\u00e9 de personne \u00e0 charge pour les pensionn\u00e9s avec une carri\u00e8re professionnelle de moins d\u2019un tiers de carri\u00e8re compl\u00e8te \u00e0 partir du 01.01.2019.<\/strong><\/p>\n<p><!-- \/wp:paragraph --><\/p>\n<p><!-- wp:paragraph --><\/p>\n<p><strong><u class=\"remove-format\">G\u00e9n\u00e9ralit\u00e9s<\/u><\/strong><\/p>\n<p><!-- \/wp:paragraph --><\/p>\n<p><!-- wp:paragraph --><\/p>\n<p>A partir du 01\/01\/2019, les retrait\u00e9s et les veuves pouvant pr\u00e9tendre \u00e0<br \/>\ndes soins m\u00e9dicaux sans paiement de cotisations personnelles, ne pourront plus<br \/>\n\u00eatre affili\u00e9s en qualit\u00e9 de personne \u00e0 charge.<\/p>\n<p><!-- \/wp:paragraph --><\/p>\n","protected":false},"author":1,"featured_media":760,"comment_status":"open","ping_status":"open","sticky":false,"template":"","format":"standard","meta":{"jetpack_post_was_ever_published":false,"_jetpack_newsletter_access":"","_jetpack_dont_email_post_to_subs":false,"_jetpack_newsletter_tier_id":0,"_jetpack_memberships_contains_paywalled_content":false,"_jetpack_memberships_contains_paid_content":false,"footnotes":"","jetpack_publicize_message":"","jetpack_publicize_feature_enabled":true,"jetpack_social_post_already_shared":true,"jetpack_social_options":{"image_generator_settings":{"template":"highway","default_image_id":0,"font":"","enabled":false},"version":2}},"categories":[6,11],"tags":[],"class_list":["post-759","post","type-post","status-publish","format-standard","has-post-thumbnail","hentry","category-algemeen","category-pensionnes"],"jetpack_publicize_connections":[],"jetpack_featured_media_url":"https:\/\/i0.wp.com\/www.ovs-sic.be\/fr\/wp-content\/uploads\/sites\/4\/2019\/01\/wood-play-money-nostalgia-blue-paper-920484-pxhere.com_.jpg?fit=1280%2C854&ssl=1","jetpack_sharing_enabled":true,"jetpack_shortlink":"https:\/\/wp.me\/p9lyc6-cf","jetpack_likes_enabled":true,"jetpack-related-posts":[{"id":832,"url":"https:\/\/www.ovs-sic.be\/fr\/avis-10-h-hr-2019-interruption-de-la-carriere-professionnelle-et-regimes-internes-a-temps-partiel-des-chemins-de-fer-belges\/","url_meta":{"origin":759,"position":0},"title":"AVIS 10 H-HR 2019 INTERRUPTION DE LA CARRIERE PROFESSIONNELLE ET REGIMES INTERNES A TEMPS PARTIEL DES CHEMINS DE FER BELGES","author":"","date":"10 avril 2019","format":false,"excerpt":"Le nouvel avis pr\u00e9cise toutes les conditions pour b\u00e9n\u00e9ficier de l\u2019interruption de la carri\u00e8re professionnelle et des r\u00e9gimes \u00e0 temps partiel. Il y avait auparavant une dizaine d\u2019Avis diff\u00e9rents traitant des m\u00eames sujets et d\u00e9sormais tout est regroup\u00e9 dans un seul. Voici un r\u00e9sum\u00e9 avec des extraits de la r\u00e9glementation\u2026","rel":"","context":"Dans &quot;Infos G\u00e9n\u00e9rales&quot;","block_context":{"text":"Infos G\u00e9n\u00e9rales","link":"https:\/\/www.ovs-sic.be\/fr\/category\/algemeen\/"},"img":{"alt_text":"","src":"https:\/\/i0.wp.com\/www.ovs-sic.be\/fr\/wp-content\/uploads\/sites\/4\/2019\/04\/IMG_20190410_125534.jpg?fit=1200%2C619&ssl=1&resize=350%2C200","width":350,"height":200,"srcset":"https:\/\/i0.wp.com\/www.ovs-sic.be\/fr\/wp-content\/uploads\/sites\/4\/2019\/04\/IMG_20190410_125534.jpg?fit=1200%2C619&ssl=1&resize=350%2C200 1x, https:\/\/i0.wp.com\/www.ovs-sic.be\/fr\/wp-content\/uploads\/sites\/4\/2019\/04\/IMG_20190410_125534.jpg?fit=1200%2C619&ssl=1&resize=525%2C300 1.5x, https:\/\/i0.wp.com\/www.ovs-sic.be\/fr\/wp-content\/uploads\/sites\/4\/2019\/04\/IMG_20190410_125534.jpg?fit=1200%2C619&ssl=1&resize=700%2C400 2x, https:\/\/i0.wp.com\/www.ovs-sic.be\/fr\/wp-content\/uploads\/sites\/4\/2019\/04\/IMG_20190410_125534.jpg?fit=1200%2C619&ssl=1&resize=1050%2C600 3x"},"classes":[]},{"id":974,"url":"https:\/\/www.ovs-sic.be\/fr\/interruption-de-la-carriere-professionnelle-regimes-specifiques-interruption-partielle-de-la-carriere-professionnelle-d1-10e-dans-la-cadre-du-conge-parental\/","url_meta":{"origin":759,"position":1},"title":"INTERRUPTION DE LA CARRIERE PROFESSIONNELLE &#8211; REGIMES SPECIFIQUES Interruption partielle de la carri\u00e8re professionnelle d&rsquo;1\/10e dans la cadre du cong\u00e9 parental","author":"","date":"31 d\u00e9cembre 2019","format":false,"excerpt":"Nouvelle possibilit\u00e9 de pouvoir prendre un cong\u00e9 parental dans un r\u00e9gime 9\/10e Ce nouveau r\u00e9gime \u00e0 temps partiel pourra commencer au plus t\u00f4t \u00e0 partir du 01-04-2020. Demande et octroi Par d\u00e9rogation aux dispositions communes d\u00e9finies au chapitre lll, le membre du personnel qui d\u00e9sire interrompre sa carri\u00e8re professionnelle dans\u2026","rel":"","context":"Dans &quot;Infos G\u00e9n\u00e9rales&quot;","block_context":{"text":"Infos G\u00e9n\u00e9rales","link":"https:\/\/www.ovs-sic.be\/fr\/category\/algemeen\/"},"img":{"alt_text":"","src":"","width":0,"height":0},"classes":[]},{"id":430,"url":"https:\/\/www.ovs-sic.be\/fr\/temps-partiels-4-5-nouvelles-regles-au-01-01-2018\/","url_meta":{"origin":759,"position":2},"title":"TEMPS PARTIELS 4\/5 &#8211; NOUVELLES REGLES AU 01\/01\/2018","author":"Admin","date":"22 d\u00e9cembre 2017","format":false,"excerpt":"A partir\u00a0du 1er\u00a0janvier 2018, toutes les interruptions de la carri\u00e8re professionnelle (r\u00e9gime g\u00e9n\u00e9ral, fin de carri\u00e8re, cong\u00e9 parental, soins pour un membre du m\u00e9nage ou de la famille gravement malade et soins palliatifs) doivent r\u00e9pondre aux nouvelles conditions ci-dessous, en d\u00e9rogation aux r\u00e8gles d\u00e9finies dans l\u2019avis 48PR de 2002 et\u2026","rel":"","context":"Dans &quot;Infos G\u00e9n\u00e9rales&quot;","block_context":{"text":"Infos G\u00e9n\u00e9rales","link":"https:\/\/www.ovs-sic.be\/fr\/category\/algemeen\/"},"img":{"alt_text":"logo","src":"https:\/\/i0.wp.com\/www.ovs-sic.be\/fr\/wp-content\/uploads\/sites\/4\/2017\/10\/OVS-vernieuwdgroot.jpg?fit=1200%2C630&ssl=1&resize=350%2C200","width":350,"height":200,"srcset":"https:\/\/i0.wp.com\/www.ovs-sic.be\/fr\/wp-content\/uploads\/sites\/4\/2017\/10\/OVS-vernieuwdgroot.jpg?fit=1200%2C630&ssl=1&resize=350%2C200 1x, https:\/\/i0.wp.com\/www.ovs-sic.be\/fr\/wp-content\/uploads\/sites\/4\/2017\/10\/OVS-vernieuwdgroot.jpg?fit=1200%2C630&ssl=1&resize=525%2C300 1.5x, https:\/\/i0.wp.com\/www.ovs-sic.be\/fr\/wp-content\/uploads\/sites\/4\/2017\/10\/OVS-vernieuwdgroot.jpg?fit=1200%2C630&ssl=1&resize=700%2C400 2x, https:\/\/i0.wp.com\/www.ovs-sic.be\/fr\/wp-content\/uploads\/sites\/4\/2017\/10\/OVS-vernieuwdgroot.jpg?fit=1200%2C630&ssl=1&resize=1050%2C600 3x"},"classes":[]},{"id":471,"url":"https:\/\/www.ovs-sic.be\/fr\/cahier-revendications-conducteurs-sic-2018\/","url_meta":{"origin":759,"position":3},"title":"CAHIER REVENDICATIF DES CONDUCTEURS DE TRAIN","author":"Admin","date":"26 janvier 2018","format":false,"excerpt":"La d\u00e9gradation des conditions de travail du personnel des Chemins de fer belges conduit de plus en plus des cheminots \u00e0 chercher une solution en dehors de la soci\u00e9t\u00e9 ferroviaire. Ce m\u00e9contentement g\u00e9n\u00e9ralis\u00e9 se traduit notamment par une vague de d\u00e9mission au sein du personnel de conduite des trains. Nous\u2026","rel":"","context":"Dans &quot;Infos Loco&quot;","block_context":{"text":"Infos Loco","link":"https:\/\/www.ovs-sic.be\/fr\/category\/loco\/"},"img":{"alt_text":"","src":"https:\/\/i0.wp.com\/www.ovs-sic.be\/fr\/wp-content\/uploads\/sites\/4\/2018\/01\/DSC00579.1.jpg?fit=953%2C740&ssl=1&resize=350%2C200","width":350,"height":200,"srcset":"https:\/\/i0.wp.com\/www.ovs-sic.be\/fr\/wp-content\/uploads\/sites\/4\/2018\/01\/DSC00579.1.jpg?fit=953%2C740&ssl=1&resize=350%2C200 1x, https:\/\/i0.wp.com\/www.ovs-sic.be\/fr\/wp-content\/uploads\/sites\/4\/2018\/01\/DSC00579.1.jpg?fit=953%2C740&ssl=1&resize=525%2C300 1.5x, https:\/\/i0.wp.com\/www.ovs-sic.be\/fr\/wp-content\/uploads\/sites\/4\/2018\/01\/DSC00579.1.jpg?fit=953%2C740&ssl=1&resize=700%2C400 2x"},"classes":[]},{"id":935,"url":"https:\/\/www.ovs-sic.be\/fr\/projet-accord-social-2020-2023\/","url_meta":{"origin":759,"position":4},"title":"PROJET ACCORD SOCIAL       2020 \u2013 2023","author":"","date":"8 novembre 2019","format":false,"excerpt":"Bien qu\u2019\u00e9tant exclu des n\u00e9gociations relatives au futur accord social, nous avons pris connaissance, gr\u00e2ce aux nombreuses fuites, des principaux axes qui constituent ce projet. \u00a0 La Direction pr\u00e9cise que les sujets ne peuvent en aucun cas \u00eatre consid\u00e9r\u00e9s individuellement ni consid\u00e9r\u00e9s comme \u00e9tant des faits acquis. \u00a0 1 Modernisation\u2026","rel":"","context":"Dans &quot;Infos G\u00e9n\u00e9rales&quot;","block_context":{"text":"Infos G\u00e9n\u00e9rales","link":"https:\/\/www.ovs-sic.be\/fr\/category\/algemeen\/"},"img":{"alt_text":"","src":"https:\/\/i0.wp.com\/www.ovs-sic.be\/fr\/wp-content\/uploads\/sites\/4\/2019\/11\/IMG_20191108_114159.jpg?fit=1200%2C900&ssl=1&resize=350%2C200","width":350,"height":200,"srcset":"https:\/\/i0.wp.com\/www.ovs-sic.be\/fr\/wp-content\/uploads\/sites\/4\/2019\/11\/IMG_20191108_114159.jpg?fit=1200%2C900&ssl=1&resize=350%2C200 1x, https:\/\/i0.wp.com\/www.ovs-sic.be\/fr\/wp-content\/uploads\/sites\/4\/2019\/11\/IMG_20191108_114159.jpg?fit=1200%2C900&ssl=1&resize=525%2C300 1.5x, https:\/\/i0.wp.com\/www.ovs-sic.be\/fr\/wp-content\/uploads\/sites\/4\/2019\/11\/IMG_20191108_114159.jpg?fit=1200%2C900&ssl=1&resize=700%2C400 2x, https:\/\/i0.wp.com\/www.ovs-sic.be\/fr\/wp-content\/uploads\/sites\/4\/2019\/11\/IMG_20191108_114159.jpg?fit=1200%2C900&ssl=1&resize=1050%2C600 3x"},"classes":[]},{"id":197,"url":"https:\/\/www.ovs-sic.be\/fr\/le-sic-gagne-son-recours-en-annulation\/","url_meta":{"origin":759,"position":5},"title":"LE SIC GAGNE SON RECOURS EN ANNULATION","author":"Admin","date":"13 octobre 2017","format":false,"excerpt":"La Cour Constitutionnelle a rendu son jugement le 26 juillet et a confirm\u00e9 sa pr\u00e9c\u00e9dente d\u00e9cision de suspension (18 mai 2017) de l\u2019article 12 de la loi du 3 ao\u00fbt 2016 qui ins\u00e8re un article 114\/1 de la loi du 23 juillet 1926 relative \u00e0 la SNCB et au personnel\u2026","rel":"","context":"Dans &quot;Infos G\u00e9n\u00e9rales&quot;","block_context":{"text":"Infos G\u00e9n\u00e9rales","link":"https:\/\/www.ovs-sic.be\/fr\/category\/algemeen\/"},"img":{"alt_text":"","src":"https:\/\/i0.wp.com\/www.ovs-sic.be\/fr\/wp-content\/uploads\/sites\/4\/2017\/10\/COUR-CONSTIITUTIONNELLE-e1507846797207.png?fit=1000%2C465&ssl=1&resize=350%2C200","width":350,"height":200,"srcset":"https:\/\/i0.wp.com\/www.ovs-sic.be\/fr\/wp-content\/uploads\/sites\/4\/2017\/10\/COUR-CONSTIITUTIONNELLE-e1507846797207.png?fit=1000%2C465&ssl=1&resize=350%2C200 1x, https:\/\/i0.wp.com\/www.ovs-sic.be\/fr\/wp-content\/uploads\/sites\/4\/2017\/10\/COUR-CONSTIITUTIONNELLE-e1507846797207.png?fit=1000%2C465&ssl=1&resize=525%2C300 1.5x, https:\/\/i0.wp.com\/www.ovs-sic.be\/fr\/wp-content\/uploads\/sites\/4\/2017\/10\/COUR-CONSTIITUTIONNELLE-e1507846797207.png?fit=1000%2C465&ssl=1&resize=700%2C400 2x"},"classes":[]}],"_links":{"self":[{"href":"https:\/\/www.ovs-sic.be\/fr\/wp-json\/wp\/v2\/posts\/759","targetHints":{"allow":["GET"]}}],"collection":[{"href":"https:\/\/www.ovs-sic.be\/fr\/wp-json\/wp\/v2\/posts"}],"about":[{"href":"https:\/\/www.ovs-sic.be\/fr\/wp-json\/wp\/v2\/types\/post"}],"author":[{"embeddable":true,"href":"https:\/\/www.ovs-sic.be\/fr\/wp-json\/wp\/v2\/users\/1"}],"replies":[{"embeddable":true,"href":"https:\/\/www.ovs-sic.be\/fr\/wp-json\/wp\/v2\/comments?post=759"}],"version-history":[{"count":4,"href":"https:\/\/www.ovs-sic.be\/fr\/wp-json\/wp\/v2\/posts\/759\/revisions"}],"predecessor-version":[{"id":772,"href":"https:\/\/www.ovs-sic.be\/fr\/wp-json\/wp\/v2\/posts\/759\/revisions\/772"}],"wp:featuredmedia":[{"embeddable":true,"href":"https:\/\/www.ovs-sic.be\/fr\/wp-json\/wp\/v2\/media\/760"}],"wp:attachment":[{"href":"https:\/\/www.ovs-sic.be\/fr\/wp-json\/wp\/v2\/media?parent=759"}],"wp:term":[{"taxonomy":"category","embeddable":true,"href":"https:\/\/www.ovs-sic.be\/fr\/wp-json\/wp\/v2\/categories?post=759"},{"taxonomy":"post_tag","embeddable":true,"href":"https:\/\/www.ovs-sic.be\/fr\/wp-json\/wp\/v2\/tags?post=759"}],"curies":[{"name":"wp","href":"https:\/\/api.w.org\/{rel}","templated":true}]}}