{"id":757,"date":"2019-01-28T12:16:56","date_gmt":"2019-01-28T11:16:56","guid":{"rendered":"https:\/\/www.ovs-sic.be\/fr\/?p=757"},"modified":"2019-01-28T12:46:24","modified_gmt":"2019-01-28T11:46:24","slug":"%ef%bb%bfdebut-des-reunions-des-cppt","status":"publish","type":"post","link":"https:\/\/www.ovs-sic.be\/fr\/%ef%bb%bfdebut-des-reunions-des-cppt\/","title":{"rendered":"\ufeffDEBUT DES REUNIONS DES CPPT"},"content":{"rendered":"\n<p>C\u2019est avec\nquelques mois d\u2019avance sur le calendrier pr\u00e9vu que les nouveaux Comit\u00e9s pour la\nPr\u00e9vention et la Protection du Travail d\u00e9butent leurs travaux d\u00e8s ce mois de\njanvier.<\/p>\n\n\n\n<p>Pour la\ntoute premi\u00e8re fois, ces comit\u00e9s seront compos\u00e9s d\u2019agents \u00e9lus par leurs\ncoll\u00e8gues \u00e0 l\u2019issue des \u00e9lections sociales de d\u00e9cembre 2018.&nbsp; <\/p>\n\n\n\n<p>L\u2019autre\nnouveaut\u00e9, c\u2019est que des repr\u00e9sentants issus du syndicalisme ind\u00e9pendant\nsi\u00e9geront dans diff\u00e9rents endroits du pays, ce qui constitue un \u00e9v\u00e9nement\nhistorique dans notre pays!<\/p>\n\n\n\n<p>Nous\nsouhaitons bonne chance \u00e0 nos d\u00e9l\u00e9gu\u00e9s et esp\u00e9rons que la coop\u00e9ration avec les\nautres mandataires s\u2019av\u00e9rera constructive.<\/p>\n","protected":false},"excerpt":{"rendered":"<p><!-- wp:paragraph --><\/p>\n<p>C\u2019est avec<br \/>\nquelques mois d\u2019avance sur le calendrier pr\u00e9vu que les nouveaux Comit\u00e9s pour la<br \/>\nPr\u00e9vention et la Protection du Travail d\u00e9butent leurs travaux d\u00e8s ce mois de<br \/>\njanvier.<\/p>\n<p><!-- \/wp:paragraph --><\/p>\n<p><!-- wp:paragraph --><\/p>\n<p>Pour la<br \/>\ntoute premi\u00e8re fois, ces comit\u00e9s seront compos\u00e9s d\u2019agents \u00e9lus par leurs<br \/>\ncoll\u00e8gues \u00e0 l\u2019issue des \u00e9lections sociales de d\u00e9cembre 2018.&nbsp; <\/p>\n<p><!-- \/wp:paragraph --><\/p>\n<p><!-- wp:paragraph --><\/p>\n<p>L\u2019autre<br \/>\nnouveaut\u00e9, c\u2019est que des repr\u00e9sentants issus du syndicalisme ind\u00e9pendant<br \/>\nsi\u00e9geront dans diff\u00e9rents endroits du pays, ce qui constitue un \u00e9v\u00e9nement<br \/>\nhistorique dans notre pays!<\/p>\n<p><!-- \/wp:paragraph --><\/p>\n<p><!-- wp:paragraph --><\/p>\n<p>Nous<br \/>\nsouhaitons bonne chance \u00e0 nos d\u00e9l\u00e9gu\u00e9s et esp\u00e9rons que la coop\u00e9ration avec les<br \/>\nautres mandataires s\u2019av\u00e9rera constructive.<\/p>\n<p><!-- \/wp:paragraph --><\/p>\n","protected":false},"author":1,"featured_media":311,"comment_status":"open","ping_status":"open","sticky":false,"template":"","format":"standard","meta":{"jetpack_post_was_ever_published":false,"_jetpack_newsletter_access":"","_jetpack_dont_email_post_to_subs":false,"_jetpack_newsletter_tier_id":0,"_jetpack_memberships_contains_paywalled_content":false,"_jetpack_memberships_contains_paid_content":false,"footnotes":"","jetpack_publicize_message":"","jetpack_publicize_feature_enabled":true,"jetpack_social_post_already_shared":true,"jetpack_social_options":{"image_generator_settings":{"template":"highway","default_image_id":0,"font":"","enabled":false},"version":2}},"categories":[6],"tags":[],"class_list":["post-757","post","type-post","status-publish","format-standard","has-post-thumbnail","hentry","category-algemeen"],"jetpack_publicize_connections":[],"jetpack_featured_media_url":"https:\/\/i0.wp.com\/www.ovs-sic.be\/fr\/wp-content\/uploads\/sites\/4\/2017\/10\/OVS-vernieuwdgroot.jpg?fit=1200%2C630&ssl=1","jetpack_sharing_enabled":true,"jetpack_shortlink":"https:\/\/wp.me\/p9lyc6-cd","jetpack_likes_enabled":true,"jetpack-related-posts":[{"id":624,"url":"https:\/\/www.ovs-sic.be\/fr\/elections-sociales\/","url_meta":{"origin":757,"position":0},"title":"ELECTIONS SOCIALES","author":"Admin","date":"24 ao\u00fbt 2018","format":false,"excerpt":"Dans le courant du mois de d\u00e9cembre 2018, les Chemins de fer belges organiseront les toutes premi\u00e8res \u00e9lections sociales et bien \u00e9videmment, le Syndicat Ind\u00e9pendant pour Cheminots y participera. Ces \u00e9lections concerneront : Pour les organes de dialogue social : les commissions paritaires r\u00e9gionales ; Pour les organes de dialogue\u2026","rel":"","context":"Dans &quot;Infos G\u00e9n\u00e9rales&quot;","block_context":{"text":"Infos G\u00e9n\u00e9rales","link":"https:\/\/www.ovs-sic.be\/fr\/category\/algemeen\/"},"img":{"alt_text":"","src":"https:\/\/i0.wp.com\/www.ovs-sic.be\/fr\/wp-content\/uploads\/sites\/4\/2018\/08\/elections-sociales2.png?fit=720%2C420&ssl=1&resize=350%2C200","width":350,"height":200,"srcset":"https:\/\/i0.wp.com\/www.ovs-sic.be\/fr\/wp-content\/uploads\/sites\/4\/2018\/08\/elections-sociales2.png?fit=720%2C420&ssl=1&resize=350%2C200 1x, https:\/\/i0.wp.com\/www.ovs-sic.be\/fr\/wp-content\/uploads\/sites\/4\/2018\/08\/elections-sociales2.png?fit=720%2C420&ssl=1&resize=525%2C300 1.5x, https:\/\/i0.wp.com\/www.ovs-sic.be\/fr\/wp-content\/uploads\/sites\/4\/2018\/08\/elections-sociales2.png?fit=720%2C420&ssl=1&resize=700%2C400 2x"},"classes":[]},{"id":680,"url":"https:\/\/www.ovs-sic.be\/fr\/votez-1-elections-sociales\/","url_meta":{"origin":757,"position":1},"title":"Votez 1 &#8211; Elections Sociales","author":"Admin","date":"29 novembre 2018","format":false,"excerpt":"En modifiant la loi du 23 juillet 1926 relative \u00e0 la SNCB et au personnel des Chemins de fer belges, le l\u00e9gislateur a permis aux travailleurs du rail de d\u00e9signer leurs repr\u00e9sentants syndicaux au sein des commissions paritaires r\u00e9gionales, des comit\u00e9s d\u2019entreprise et des comit\u00e9s pour la pr\u00e9vention et la\u2026","rel":"","context":"Dans &quot;Infos G\u00e9n\u00e9rales&quot;","block_context":{"text":"Infos G\u00e9n\u00e9rales","link":"https:\/\/www.ovs-sic.be\/fr\/category\/algemeen\/"},"img":{"alt_text":"","src":"https:\/\/i0.wp.com\/www.ovs-sic.be\/fr\/wp-content\/uploads\/sites\/4\/2018\/11\/electionssociales.png?fit=1200%2C675&ssl=1&resize=350%2C200","width":350,"height":200,"srcset":"https:\/\/i0.wp.com\/www.ovs-sic.be\/fr\/wp-content\/uploads\/sites\/4\/2018\/11\/electionssociales.png?fit=1200%2C675&ssl=1&resize=350%2C200 1x, https:\/\/i0.wp.com\/www.ovs-sic.be\/fr\/wp-content\/uploads\/sites\/4\/2018\/11\/electionssociales.png?fit=1200%2C675&ssl=1&resize=525%2C300 1.5x, https:\/\/i0.wp.com\/www.ovs-sic.be\/fr\/wp-content\/uploads\/sites\/4\/2018\/11\/electionssociales.png?fit=1200%2C675&ssl=1&resize=700%2C400 2x, https:\/\/i0.wp.com\/www.ovs-sic.be\/fr\/wp-content\/uploads\/sites\/4\/2018\/11\/electionssociales.png?fit=1200%2C675&ssl=1&resize=1050%2C600 3x"},"classes":[]},{"id":510,"url":"https:\/\/www.ovs-sic.be\/fr\/mise-en-oeuvre-du-service-minimum-categories-essentielles-du-personnel\/","url_meta":{"origin":757,"position":2},"title":"Mise en \u0153uvre du service minimum \/ categories essentielles du personnel","author":"Admin","date":"3 avril 2018","format":false,"excerpt":"Les premi\u00e8res \u00e9lections sociales au sein des Chemins de fer belges se d\u00e9rouleront du 3 au 7 d\u00e9cembre 2018. Les cheminots pourront d\u00e9signer leurs repr\u00e9sentants au sein de certains organes de dialogue social. Sans aucune surprise, le l\u00e9gislateur a exclu de ces \u00e9lections les mandats de la (sous) Commission paritaire\u2026","rel":"","context":"Dans &quot;Infos G\u00e9n\u00e9rales&quot;","block_context":{"text":"Infos G\u00e9n\u00e9rales","link":"https:\/\/www.ovs-sic.be\/fr\/category\/algemeen\/"},"img":{"alt_text":"","src":"https:\/\/i0.wp.com\/www.ovs-sic.be\/fr\/wp-content\/uploads\/sites\/4\/2018\/04\/sv-e1522714042207.png?fit=692%2C363&ssl=1&resize=350%2C200","width":350,"height":200,"srcset":"https:\/\/i0.wp.com\/www.ovs-sic.be\/fr\/wp-content\/uploads\/sites\/4\/2018\/04\/sv-e1522714042207.png?fit=692%2C363&ssl=1&resize=350%2C200 1x, https:\/\/i0.wp.com\/www.ovs-sic.be\/fr\/wp-content\/uploads\/sites\/4\/2018\/04\/sv-e1522714042207.png?fit=692%2C363&ssl=1&resize=525%2C300 1.5x"},"classes":[]},{"id":1029,"url":"https:\/\/www.ovs-sic.be\/fr\/le-sic-exclu-des-debats-relatifs-au-corona\/","url_meta":{"origin":757,"position":3},"title":"LE SIC EXCLU DES DEBATS RELATIFS AU CORONA","author":"","date":"18 mai 2020","format":false,"excerpt":"Bruxelles, le 2 mai 2020 Objet : Coronavirus : Non-respect des organes de dialogue social relatifs au bien-\u00eatre au travail Monsieur le Directeur g\u00e9n\u00e9ral, Le 17\/03\/2020, les repr\u00e9sentants (employeur\/syndicats reconnus) si\u00e9geant au Comit\u00e9 de Pilotage ont d\u00e9cid\u00e9 de consid\u00e9rer celui-ci comme seul organe d\u00e9cisionnel dans le contexte de la crise\u2026","rel":"","context":"Dans &quot;Infos G\u00e9n\u00e9rales&quot;","block_context":{"text":"Infos G\u00e9n\u00e9rales","link":"https:\/\/www.ovs-sic.be\/fr\/category\/algemeen\/"},"img":{"alt_text":"","src":"https:\/\/i0.wp.com\/www.ovs-sic.be\/fr\/wp-content\/uploads\/sites\/4\/2020\/05\/CORONA.jpg?fit=348%2C215&ssl=1&resize=350%2C200","width":350,"height":200},"classes":[]},{"id":1094,"url":"https:\/\/www.ovs-sic.be\/fr\/intervention-sic-ceo-infrabel-i-to-charge-psychosociale-dans-les-cabines-de-signalisation\/","url_meta":{"origin":757,"position":4},"title":"Intervention SIC &#8211; CEO Infrabel &#8211; I-TO Charge psychosociale dans les cabines de signalisation","author":"Admin","date":"8 juin 2021","format":false,"excerpt":"Depuis plusieurs ann\u00e9es, nous intervenons \u00e0 tous les niveaux pour d\u00e9noncer des situations o\u00f9 des agents occup\u00e9s dans les cabines de signalisation subissent un charge psychosociale li\u00e9e \u00e0 leurs t\u00e2ches. Nous avons l\u2019impression que les diff\u00e9rentes autorit\u00e9s ne mesurent pas l\u2019ampleur de la situation d\u00e9grad\u00e9e dans les postes de signalisation\u2026","rel":"","context":"Dans &quot;Infos Infrabel&quot;","block_context":{"text":"Infos Infrabel","link":"https:\/\/www.ovs-sic.be\/fr\/category\/infrabel\/"},"img":{"alt_text":"","src":"https:\/\/i0.wp.com\/www.ovs-sic.be\/fr\/wp-content\/uploads\/sites\/4\/2017\/10\/nmbs-7839-omloop-13-04-2016-gouvy-103_zpshhwt7mug2139485096..jpg?fit=900%2C599&ssl=1&resize=350%2C200","width":350,"height":200,"srcset":"https:\/\/i0.wp.com\/www.ovs-sic.be\/fr\/wp-content\/uploads\/sites\/4\/2017\/10\/nmbs-7839-omloop-13-04-2016-gouvy-103_zpshhwt7mug2139485096..jpg?fit=900%2C599&ssl=1&resize=350%2C200 1x, https:\/\/i0.wp.com\/www.ovs-sic.be\/fr\/wp-content\/uploads\/sites\/4\/2017\/10\/nmbs-7839-omloop-13-04-2016-gouvy-103_zpshhwt7mug2139485096..jpg?fit=900%2C599&ssl=1&resize=525%2C300 1.5x, https:\/\/i0.wp.com\/www.ovs-sic.be\/fr\/wp-content\/uploads\/sites\/4\/2017\/10\/nmbs-7839-omloop-13-04-2016-gouvy-103_zpshhwt7mug2139485096..jpg?fit=900%2C599&ssl=1&resize=700%2C400 2x"},"classes":[]},{"id":726,"url":"https:\/\/www.ovs-sic.be\/fr\/elections-sociales-resultats%ef%bb%bf\/","url_meta":{"origin":757,"position":5},"title":"ELECTIONS SOCIALES \u2013 RESULTATS\ufeff","author":"Admin","date":"7 janvier 2019","format":false,"excerpt":"Le Syndicat ind\u00e9pendant pour Cheminots a d\u00e9croch\u00e9 21 mandats effectifs et 21 mandats de suppl\u00e9ants pour repr\u00e9senter les travailleurs au sein de divers organes soumis aux \u00e9lections sociales. Toutes nos f\u00e9licitations aux nouveaux mandataires. Le SIC devient incontestablement la 3\u00e8me force syndicale au sein des Chemins de fer belges. En\u2026","rel":"","context":"Dans &quot;Infos G\u00e9n\u00e9rales&quot;","block_context":{"text":"Infos G\u00e9n\u00e9rales","link":"https:\/\/www.ovs-sic.be\/fr\/category\/algemeen\/"},"img":{"alt_text":"","src":"https:\/\/i0.wp.com\/www.ovs-sic.be\/fr\/wp-content\/uploads\/sites\/4\/2019\/01\/kaderwordpress.png?fit=1200%2C675&ssl=1&resize=350%2C200","width":350,"height":200,"srcset":"https:\/\/i0.wp.com\/www.ovs-sic.be\/fr\/wp-content\/uploads\/sites\/4\/2019\/01\/kaderwordpress.png?fit=1200%2C675&ssl=1&resize=350%2C200 1x, https:\/\/i0.wp.com\/www.ovs-sic.be\/fr\/wp-content\/uploads\/sites\/4\/2019\/01\/kaderwordpress.png?fit=1200%2C675&ssl=1&resize=525%2C300 1.5x, https:\/\/i0.wp.com\/www.ovs-sic.be\/fr\/wp-content\/uploads\/sites\/4\/2019\/01\/kaderwordpress.png?fit=1200%2C675&ssl=1&resize=700%2C400 2x, https:\/\/i0.wp.com\/www.ovs-sic.be\/fr\/wp-content\/uploads\/sites\/4\/2019\/01\/kaderwordpress.png?fit=1200%2C675&ssl=1&resize=1050%2C600 3x"},"classes":[]}],"_links":{"self":[{"href":"https:\/\/www.ovs-sic.be\/fr\/wp-json\/wp\/v2\/posts\/757","targetHints":{"allow":["GET"]}}],"collection":[{"href":"https:\/\/www.ovs-sic.be\/fr\/wp-json\/wp\/v2\/posts"}],"about":[{"href":"https:\/\/www.ovs-sic.be\/fr\/wp-json\/wp\/v2\/types\/post"}],"author":[{"embeddable":true,"href":"https:\/\/www.ovs-sic.be\/fr\/wp-json\/wp\/v2\/users\/1"}],"replies":[{"embeddable":true,"href":"https:\/\/www.ovs-sic.be\/fr\/wp-json\/wp\/v2\/comments?post=757"}],"version-history":[{"count":3,"href":"https:\/\/www.ovs-sic.be\/fr\/wp-json\/wp\/v2\/posts\/757\/revisions"}],"predecessor-version":[{"id":770,"href":"https:\/\/www.ovs-sic.be\/fr\/wp-json\/wp\/v2\/posts\/757\/revisions\/770"}],"wp:featuredmedia":[{"embeddable":true,"href":"https:\/\/www.ovs-sic.be\/fr\/wp-json\/wp\/v2\/media\/311"}],"wp:attachment":[{"href":"https:\/\/www.ovs-sic.be\/fr\/wp-json\/wp\/v2\/media?parent=757"}],"wp:term":[{"taxonomy":"category","embeddable":true,"href":"https:\/\/www.ovs-sic.be\/fr\/wp-json\/wp\/v2\/categories?post=757"},{"taxonomy":"post_tag","embeddable":true,"href":"https:\/\/www.ovs-sic.be\/fr\/wp-json\/wp\/v2\/tags?post=757"}],"curies":[{"name":"wp","href":"https:\/\/api.w.org\/{rel}","templated":true}]}}