{"id":726,"date":"2019-01-07T11:36:25","date_gmt":"2019-01-07T10:36:25","guid":{"rendered":"https:\/\/www.ovs-sic.be\/fr\/?p=726"},"modified":"2019-01-26T15:57:45","modified_gmt":"2019-01-26T14:57:45","slug":"elections-sociales-resultats%ef%bb%bf","status":"publish","type":"post","link":"https:\/\/www.ovs-sic.be\/fr\/elections-sociales-resultats%ef%bb%bf\/","title":{"rendered":"ELECTIONS SOCIALES \u2013 RESULTATS\ufeff"},"content":{"rendered":"\n<p>Le Syndicat ind\u00e9pendant\npour Cheminots a d\u00e9croch\u00e9 21 mandats effectifs et 21 mandats de suppl\u00e9ants pour\nrepr\u00e9senter les travailleurs au sein de divers organes soumis aux \u00e9lections\nsociales. Toutes nos f\u00e9licitations aux nouveaux mandataires.<\/p>\n\n\n\n<p>Le SIC devient\nincontestablement la 3<sup>\u00e8me<\/sup> force syndicale au sein des Chemins de fer\nbelges. <strong>En additionnant les votes des 3\nComit\u00e9s d\u2019Entreprise, notre organisation a r\u00e9colt\u00e9 pr\u00e8s de 8 % des\nsuffrages&nbsp;!<\/strong><\/p>\n\n\n\n<p>Le SIC remercie tous les\n\u00e9lecteurs qui lui ont accord\u00e9 leur confiance et tous les militants qui se sont\nd\u00e9vou\u00e9s sans compter pendant leurs temps libres pour porter les valeurs du SIC.<\/p>\n\n\n\n<p><strong>Rappel du parcours l\u00e9gislatif \u00ab&nbsp;\u00e9lections\nsociales et droit de gr\u00e8ve&nbsp;\u00bb.<\/strong><\/p>\n\n\n\n<p>Par Arr\u00eat\u00e9 Royal du 3 ao\u00fbt\n2016 et son article 112, le l\u00e9gislateur ins\u00e9rait un article 114\/1 dans la loi\ndu 23 juillet 1926 relative \u00e0 la SNCB et au personnel des Chemins de fer belges\nqui instituait la tenue d\u2019\u00e9lections sociales et modifiait les r\u00e8gles en mati\u00e8re\nde pr\u00e9avis de gr\u00e8ve. &nbsp;<\/p>\n\n\n\n<p>Le Gouvernement estimait que\nles seuls syndicats (CGSP Cheminots \u2013 CSC Transcom \u2013 SLFP Cheminots) affili\u00e9s\naux organisations interprofessionnelles si\u00e9geant au Conseil National du Travail\npouvaient participer aux \u00e9lections sociales et d\u00e9poser un pr\u00e9avis de gr\u00e8ve.<\/p>\n\n\n\n<p>En modifiant la loi, la\nmajorit\u00e9 gouvernementale pensait exclure du paysage syndical ferroviaire le\nsyndicalisme ind\u00e9pendant et cadenasser le dialogue\nsocial aux 3 syndicats \u00ab&nbsp;repr\u00e9sentatifs&nbsp;\u00bb.<\/p>\n\n\n\n<p>En d\u00e9cembre 2016, le\nSyndicat Ind\u00e9pendant pour Cheminots d\u00e9posait un recours en annulation et en\nsuspension aupr\u00e8s de la Cour Constitutionnelle contre ces dispositions discriminatoires.<\/p>\n\n\n\n<p>Le 26 juillet\n2017, la Cour constitutionnelle, dans la foul\u00e9e de son arr\u00eat en suspension de\nmai 2017, rendait son arr\u00eat annulant \u2013 purement et simplement \u2013 les\ndispositions de la loi Bellot nous interdisant le droit de gr\u00e8ve et de\npr\u00e9senter des candidats aux \u00e9lections sociales.<\/p>\n\n\n\n<p>Il faudra\nattendre le 22 mars 2018 pour que le Gouvernement modifie la loi nous\nr\u00e9tablissant dans nos droits.<\/p>\n\n\n\n<p>Malgr\u00e9 un\nd\u00e9lai tr\u00e8s court et l\u2019absence de moyens fournis par les Chemins de fer belges\npour pr\u00e9parer les \u00e9lections sociales, le Syndicat Ind\u00e9pendant pour Cheminots a\nprouv\u00e9 qu\u2019il avait une r\u00e9elle repr\u00e9sentativit\u00e9 et qu\u2019il ne pourra que grandir\ndans le futur&nbsp;!<\/p>\n\n\n\n<p>Ci-dessous&nbsp;:\nles tableaux reprenant les organes o\u00f9 des mandataires du SIC si\u00e8geront pour une\ndur\u00e9e de six ans.<\/p>\n\n\n\n<p style=\"text-align:center\"><strong>BCPBW NMBS \u2013 CE PPT SNCB<\/strong><\/p>\n\n\n\n<figure class=\"wp-block-image\"><img loading=\"lazy\" decoding=\"async\" width=\"1217\" height=\"355\" data-attachment-id=\"728\" data-permalink=\"https:\/\/www.ovs-sic.be\/fr\/elections-sociales-resultats%ef%bb%bf\/1-2\/\" data-orig-file=\"https:\/\/i0.wp.com\/www.ovs-sic.be\/fr\/wp-content\/uploads\/sites\/4\/2019\/01\/1.jpg?fit=1217%2C355&amp;ssl=1\" data-orig-size=\"1217,355\" data-comments-opened=\"1\" data-image-meta=\"{&quot;aperture&quot;:&quot;0&quot;,&quot;credit&quot;:&quot;&quot;,&quot;camera&quot;:&quot;&quot;,&quot;caption&quot;:&quot;&quot;,&quot;created_timestamp&quot;:&quot;0&quot;,&quot;copyright&quot;:&quot;&quot;,&quot;focal_length&quot;:&quot;0&quot;,&quot;iso&quot;:&quot;0&quot;,&quot;shutter_speed&quot;:&quot;0&quot;,&quot;title&quot;:&quot;&quot;,&quot;orientation&quot;:&quot;0&quot;}\" data-image-title=\"1\" data-image-description=\"\" data-image-caption=\"\" data-medium-file=\"https:\/\/i0.wp.com\/www.ovs-sic.be\/fr\/wp-content\/uploads\/sites\/4\/2019\/01\/1.jpg?fit=300%2C88&amp;ssl=1\" data-large-file=\"https:\/\/i0.wp.com\/www.ovs-sic.be\/fr\/wp-content\/uploads\/sites\/4\/2019\/01\/1.jpg?fit=735%2C215&amp;ssl=1\" src=\"https:\/\/i2.wp.com\/www.ovs-sic.be\/fr\/wp-content\/uploads\/sites\/4\/2019\/01\/1.jpg?fit=735%2C215\" alt=\"\" class=\"wp-image-728\" srcset=\"https:\/\/i0.wp.com\/www.ovs-sic.be\/fr\/wp-content\/uploads\/sites\/4\/2019\/01\/1.jpg?w=1217&amp;ssl=1 1217w, https:\/\/i0.wp.com\/www.ovs-sic.be\/fr\/wp-content\/uploads\/sites\/4\/2019\/01\/1.jpg?resize=300%2C88&amp;ssl=1 300w, https:\/\/i0.wp.com\/www.ovs-sic.be\/fr\/wp-content\/uploads\/sites\/4\/2019\/01\/1.jpg?resize=768%2C224&amp;ssl=1 768w, https:\/\/i0.wp.com\/www.ovs-sic.be\/fr\/wp-content\/uploads\/sites\/4\/2019\/01\/1.jpg?resize=1024%2C299&amp;ssl=1 1024w\" sizes=\"auto, (max-width: 735px) 100vw, 735px\" \/><\/figure>\n\n\n\n<p style=\"text-align:center\"><strong>GPC NW<\/strong><\/p>\n\n\n\n<figure class=\"wp-block-image\"><img data-recalc-dims=\"1\" loading=\"lazy\" decoding=\"async\" width=\"735\" height=\"370\" data-attachment-id=\"729\" data-permalink=\"https:\/\/www.ovs-sic.be\/fr\/elections-sociales-resultats%ef%bb%bf\/2-2\/\" data-orig-file=\"https:\/\/i0.wp.com\/www.ovs-sic.be\/fr\/wp-content\/uploads\/sites\/4\/2019\/01\/2.jpg?fit=1020%2C513&amp;ssl=1\" data-orig-size=\"1020,513\" data-comments-opened=\"1\" data-image-meta=\"{&quot;aperture&quot;:&quot;0&quot;,&quot;credit&quot;:&quot;&quot;,&quot;camera&quot;:&quot;&quot;,&quot;caption&quot;:&quot;&quot;,&quot;created_timestamp&quot;:&quot;0&quot;,&quot;copyright&quot;:&quot;&quot;,&quot;focal_length&quot;:&quot;0&quot;,&quot;iso&quot;:&quot;0&quot;,&quot;shutter_speed&quot;:&quot;0&quot;,&quot;title&quot;:&quot;&quot;,&quot;orientation&quot;:&quot;0&quot;}\" data-image-title=\"2\" data-image-description=\"\" data-image-caption=\"\" data-medium-file=\"https:\/\/i0.wp.com\/www.ovs-sic.be\/fr\/wp-content\/uploads\/sites\/4\/2019\/01\/2.jpg?fit=300%2C151&amp;ssl=1\" data-large-file=\"https:\/\/i0.wp.com\/www.ovs-sic.be\/fr\/wp-content\/uploads\/sites\/4\/2019\/01\/2.jpg?fit=735%2C370&amp;ssl=1\" src=\"https:\/\/i0.wp.com\/www.ovs-sic.be\/fr\/wp-content\/uploads\/sites\/4\/2019\/01\/2.jpg?resize=735%2C370&#038;ssl=1\" alt=\"\" class=\"wp-image-729\" srcset=\"https:\/\/i0.wp.com\/www.ovs-sic.be\/fr\/wp-content\/uploads\/sites\/4\/2019\/01\/2.jpg?w=1020&amp;ssl=1 1020w, https:\/\/i0.wp.com\/www.ovs-sic.be\/fr\/wp-content\/uploads\/sites\/4\/2019\/01\/2.jpg?resize=300%2C151&amp;ssl=1 300w, https:\/\/i0.wp.com\/www.ovs-sic.be\/fr\/wp-content\/uploads\/sites\/4\/2019\/01\/2.jpg?resize=768%2C386&amp;ssl=1 768w\" sizes=\"auto, (max-width: 735px) 100vw, 735px\" \/><\/figure>\n\n\n\n<p style=\"text-align:center\"><strong>GPC NO<\/strong><\/p>\n\n\n\n<figure class=\"wp-block-image\"><img loading=\"lazy\" decoding=\"async\" width=\"1031\" height=\"510\" data-attachment-id=\"730\" data-permalink=\"https:\/\/www.ovs-sic.be\/fr\/elections-sociales-resultats%ef%bb%bf\/3-2\/\" data-orig-file=\"https:\/\/i0.wp.com\/www.ovs-sic.be\/fr\/wp-content\/uploads\/sites\/4\/2019\/01\/3.jpg?fit=1031%2C510&amp;ssl=1\" data-orig-size=\"1031,510\" data-comments-opened=\"1\" data-image-meta=\"{&quot;aperture&quot;:&quot;0&quot;,&quot;credit&quot;:&quot;&quot;,&quot;camera&quot;:&quot;&quot;,&quot;caption&quot;:&quot;&quot;,&quot;created_timestamp&quot;:&quot;0&quot;,&quot;copyright&quot;:&quot;&quot;,&quot;focal_length&quot;:&quot;0&quot;,&quot;iso&quot;:&quot;0&quot;,&quot;shutter_speed&quot;:&quot;0&quot;,&quot;title&quot;:&quot;&quot;,&quot;orientation&quot;:&quot;0&quot;}\" data-image-title=\"3\" data-image-description=\"\" data-image-caption=\"\" data-medium-file=\"https:\/\/i0.wp.com\/www.ovs-sic.be\/fr\/wp-content\/uploads\/sites\/4\/2019\/01\/3.jpg?fit=300%2C148&amp;ssl=1\" data-large-file=\"https:\/\/i0.wp.com\/www.ovs-sic.be\/fr\/wp-content\/uploads\/sites\/4\/2019\/01\/3.jpg?fit=735%2C364&amp;ssl=1\" src=\"https:\/\/i0.wp.com\/www.ovs-sic.be\/fr\/wp-content\/uploads\/sites\/4\/2019\/01\/3.jpg?fit=735%2C364\" alt=\"\" class=\"wp-image-730\" srcset=\"https:\/\/i0.wp.com\/www.ovs-sic.be\/fr\/wp-content\/uploads\/sites\/4\/2019\/01\/3.jpg?w=1031&amp;ssl=1 1031w, https:\/\/i0.wp.com\/www.ovs-sic.be\/fr\/wp-content\/uploads\/sites\/4\/2019\/01\/3.jpg?resize=300%2C148&amp;ssl=1 300w, https:\/\/i0.wp.com\/www.ovs-sic.be\/fr\/wp-content\/uploads\/sites\/4\/2019\/01\/3.jpg?resize=768%2C380&amp;ssl=1 768w, https:\/\/i0.wp.com\/www.ovs-sic.be\/fr\/wp-content\/uploads\/sites\/4\/2019\/01\/3.jpg?resize=1024%2C507&amp;ssl=1 1024w\" sizes=\"auto, (max-width: 735px) 100vw, 735px\" \/><\/figure>\n\n\n\n<p style=\"text-align:center\"><strong>CPR SO<\/strong><\/p>\n\n\n\n<figure class=\"wp-block-image\"><img data-recalc-dims=\"1\" loading=\"lazy\" decoding=\"async\" width=\"735\" height=\"339\" data-attachment-id=\"731\" data-permalink=\"https:\/\/www.ovs-sic.be\/fr\/elections-sociales-resultats%ef%bb%bf\/4-2\/\" data-orig-file=\"https:\/\/i0.wp.com\/www.ovs-sic.be\/fr\/wp-content\/uploads\/sites\/4\/2019\/01\/4.jpg?fit=1022%2C472&amp;ssl=1\" data-orig-size=\"1022,472\" data-comments-opened=\"1\" data-image-meta=\"{&quot;aperture&quot;:&quot;0&quot;,&quot;credit&quot;:&quot;&quot;,&quot;camera&quot;:&quot;&quot;,&quot;caption&quot;:&quot;&quot;,&quot;created_timestamp&quot;:&quot;0&quot;,&quot;copyright&quot;:&quot;&quot;,&quot;focal_length&quot;:&quot;0&quot;,&quot;iso&quot;:&quot;0&quot;,&quot;shutter_speed&quot;:&quot;0&quot;,&quot;title&quot;:&quot;&quot;,&quot;orientation&quot;:&quot;0&quot;}\" data-image-title=\"4\" data-image-description=\"\" data-image-caption=\"\" data-medium-file=\"https:\/\/i0.wp.com\/www.ovs-sic.be\/fr\/wp-content\/uploads\/sites\/4\/2019\/01\/4.jpg?fit=300%2C139&amp;ssl=1\" data-large-file=\"https:\/\/i0.wp.com\/www.ovs-sic.be\/fr\/wp-content\/uploads\/sites\/4\/2019\/01\/4.jpg?fit=735%2C339&amp;ssl=1\" src=\"https:\/\/i0.wp.com\/www.ovs-sic.be\/fr\/wp-content\/uploads\/sites\/4\/2019\/01\/4.jpg?resize=735%2C339&#038;ssl=1\" alt=\"\" class=\"wp-image-731\" srcset=\"https:\/\/i0.wp.com\/www.ovs-sic.be\/fr\/wp-content\/uploads\/sites\/4\/2019\/01\/4.jpg?w=1022&amp;ssl=1 1022w, https:\/\/i0.wp.com\/www.ovs-sic.be\/fr\/wp-content\/uploads\/sites\/4\/2019\/01\/4.jpg?resize=300%2C139&amp;ssl=1 300w, https:\/\/i0.wp.com\/www.ovs-sic.be\/fr\/wp-content\/uploads\/sites\/4\/2019\/01\/4.jpg?resize=768%2C355&amp;ssl=1 768w\" sizes=\"auto, (max-width: 735px) 100vw, 735px\" \/><\/figure>\n\n\n\n<p style=\"text-align:center\"><strong>CPBW B-TR TREIBEGELEIDER NO<\/strong><\/p>\n\n\n\n<figure class=\"wp-block-image\"><img loading=\"lazy\" decoding=\"async\" width=\"1215\" height=\"367\" data-attachment-id=\"732\" data-permalink=\"https:\/\/www.ovs-sic.be\/fr\/elections-sociales-resultats%ef%bb%bf\/5-2\/\" data-orig-file=\"https:\/\/i0.wp.com\/www.ovs-sic.be\/fr\/wp-content\/uploads\/sites\/4\/2019\/01\/5.jpg?fit=1215%2C367&amp;ssl=1\" data-orig-size=\"1215,367\" data-comments-opened=\"1\" data-image-meta=\"{&quot;aperture&quot;:&quot;0&quot;,&quot;credit&quot;:&quot;&quot;,&quot;camera&quot;:&quot;&quot;,&quot;caption&quot;:&quot;&quot;,&quot;created_timestamp&quot;:&quot;0&quot;,&quot;copyright&quot;:&quot;&quot;,&quot;focal_length&quot;:&quot;0&quot;,&quot;iso&quot;:&quot;0&quot;,&quot;shutter_speed&quot;:&quot;0&quot;,&quot;title&quot;:&quot;&quot;,&quot;orientation&quot;:&quot;0&quot;}\" data-image-title=\"5\" data-image-description=\"\" data-image-caption=\"\" data-medium-file=\"https:\/\/i0.wp.com\/www.ovs-sic.be\/fr\/wp-content\/uploads\/sites\/4\/2019\/01\/5.jpg?fit=300%2C91&amp;ssl=1\" data-large-file=\"https:\/\/i0.wp.com\/www.ovs-sic.be\/fr\/wp-content\/uploads\/sites\/4\/2019\/01\/5.jpg?fit=735%2C222&amp;ssl=1\" src=\"https:\/\/i2.wp.com\/www.ovs-sic.be\/fr\/wp-content\/uploads\/sites\/4\/2019\/01\/5.jpg?fit=735%2C222\" alt=\"\" class=\"wp-image-732\" srcset=\"https:\/\/i0.wp.com\/www.ovs-sic.be\/fr\/wp-content\/uploads\/sites\/4\/2019\/01\/5.jpg?w=1215&amp;ssl=1 1215w, https:\/\/i0.wp.com\/www.ovs-sic.be\/fr\/wp-content\/uploads\/sites\/4\/2019\/01\/5.jpg?resize=300%2C91&amp;ssl=1 300w, https:\/\/i0.wp.com\/www.ovs-sic.be\/fr\/wp-content\/uploads\/sites\/4\/2019\/01\/5.jpg?resize=768%2C232&amp;ssl=1 768w, https:\/\/i0.wp.com\/www.ovs-sic.be\/fr\/wp-content\/uploads\/sites\/4\/2019\/01\/5.jpg?resize=1024%2C309&amp;ssl=1 1024w\" sizes=\"auto, (max-width: 735px) 100vw, 735px\" \/><\/figure>\n\n\n\n<p style=\"text-align:center\"><strong>CPBW B-TR TREIBEGELEIDER NW<\/strong><\/p>\n\n\n\n<figure class=\"wp-block-image\"><img loading=\"lazy\" decoding=\"async\" width=\"1217\" height=\"354\" data-attachment-id=\"733\" data-permalink=\"https:\/\/www.ovs-sic.be\/fr\/elections-sociales-resultats%ef%bb%bf\/6-2\/\" data-orig-file=\"https:\/\/i0.wp.com\/www.ovs-sic.be\/fr\/wp-content\/uploads\/sites\/4\/2019\/01\/6.jpg?fit=1217%2C354&amp;ssl=1\" data-orig-size=\"1217,354\" data-comments-opened=\"1\" data-image-meta=\"{&quot;aperture&quot;:&quot;0&quot;,&quot;credit&quot;:&quot;&quot;,&quot;camera&quot;:&quot;&quot;,&quot;caption&quot;:&quot;&quot;,&quot;created_timestamp&quot;:&quot;0&quot;,&quot;copyright&quot;:&quot;&quot;,&quot;focal_length&quot;:&quot;0&quot;,&quot;iso&quot;:&quot;0&quot;,&quot;shutter_speed&quot;:&quot;0&quot;,&quot;title&quot;:&quot;&quot;,&quot;orientation&quot;:&quot;0&quot;}\" data-image-title=\"6\" data-image-description=\"\" data-image-caption=\"\" data-medium-file=\"https:\/\/i0.wp.com\/www.ovs-sic.be\/fr\/wp-content\/uploads\/sites\/4\/2019\/01\/6.jpg?fit=300%2C87&amp;ssl=1\" data-large-file=\"https:\/\/i0.wp.com\/www.ovs-sic.be\/fr\/wp-content\/uploads\/sites\/4\/2019\/01\/6.jpg?fit=735%2C214&amp;ssl=1\" src=\"https:\/\/i2.wp.com\/www.ovs-sic.be\/fr\/wp-content\/uploads\/sites\/4\/2019\/01\/6.jpg?fit=735%2C214\" alt=\"\" class=\"wp-image-733\" srcset=\"https:\/\/i0.wp.com\/www.ovs-sic.be\/fr\/wp-content\/uploads\/sites\/4\/2019\/01\/6.jpg?w=1217&amp;ssl=1 1217w, https:\/\/i0.wp.com\/www.ovs-sic.be\/fr\/wp-content\/uploads\/sites\/4\/2019\/01\/6.jpg?resize=300%2C87&amp;ssl=1 300w, https:\/\/i0.wp.com\/www.ovs-sic.be\/fr\/wp-content\/uploads\/sites\/4\/2019\/01\/6.jpg?resize=768%2C223&amp;ssl=1 768w, https:\/\/i0.wp.com\/www.ovs-sic.be\/fr\/wp-content\/uploads\/sites\/4\/2019\/01\/6.jpg?resize=1024%2C298&amp;ssl=1 1024w\" sizes=\"auto, (max-width: 735px) 100vw, 735px\" \/><\/figure>\n\n\n\n<p style=\"text-align:center\"><strong>CPPT B-TR ACCOPAGNATEUR TRAIN SO<\/strong><\/p>\n\n\n\n<figure class=\"wp-block-image\"><img loading=\"lazy\" decoding=\"async\" width=\"1218\" height=\"354\" data-attachment-id=\"734\" data-permalink=\"https:\/\/www.ovs-sic.be\/fr\/elections-sociales-resultats%ef%bb%bf\/7-2\/\" data-orig-file=\"https:\/\/i0.wp.com\/www.ovs-sic.be\/fr\/wp-content\/uploads\/sites\/4\/2019\/01\/7.jpg?fit=1218%2C354&amp;ssl=1\" data-orig-size=\"1218,354\" data-comments-opened=\"1\" data-image-meta=\"{&quot;aperture&quot;:&quot;0&quot;,&quot;credit&quot;:&quot;&quot;,&quot;camera&quot;:&quot;&quot;,&quot;caption&quot;:&quot;&quot;,&quot;created_timestamp&quot;:&quot;0&quot;,&quot;copyright&quot;:&quot;&quot;,&quot;focal_length&quot;:&quot;0&quot;,&quot;iso&quot;:&quot;0&quot;,&quot;shutter_speed&quot;:&quot;0&quot;,&quot;title&quot;:&quot;&quot;,&quot;orientation&quot;:&quot;0&quot;}\" data-image-title=\"7\" data-image-description=\"\" data-image-caption=\"\" data-medium-file=\"https:\/\/i0.wp.com\/www.ovs-sic.be\/fr\/wp-content\/uploads\/sites\/4\/2019\/01\/7.jpg?fit=300%2C87&amp;ssl=1\" data-large-file=\"https:\/\/i0.wp.com\/www.ovs-sic.be\/fr\/wp-content\/uploads\/sites\/4\/2019\/01\/7.jpg?fit=735%2C214&amp;ssl=1\" src=\"https:\/\/i2.wp.com\/www.ovs-sic.be\/fr\/wp-content\/uploads\/sites\/4\/2019\/01\/7.jpg?fit=735%2C214\" alt=\"\" class=\"wp-image-734\" srcset=\"https:\/\/i0.wp.com\/www.ovs-sic.be\/fr\/wp-content\/uploads\/sites\/4\/2019\/01\/7.jpg?w=1218&amp;ssl=1 1218w, https:\/\/i0.wp.com\/www.ovs-sic.be\/fr\/wp-content\/uploads\/sites\/4\/2019\/01\/7.jpg?resize=300%2C87&amp;ssl=1 300w, https:\/\/i0.wp.com\/www.ovs-sic.be\/fr\/wp-content\/uploads\/sites\/4\/2019\/01\/7.jpg?resize=768%2C223&amp;ssl=1 768w, https:\/\/i0.wp.com\/www.ovs-sic.be\/fr\/wp-content\/uploads\/sites\/4\/2019\/01\/7.jpg?resize=1024%2C298&amp;ssl=1 1024w\" sizes=\"auto, (max-width: 735px) 100vw, 735px\" \/><\/figure>\n\n\n\n<p style=\"text-align:center\"><strong>CPBW B-TR TRACTIE NO<\/strong><\/p>\n\n\n\n<figure class=\"wp-block-image\"><img loading=\"lazy\" decoding=\"async\" width=\"1214\" height=\"357\" data-attachment-id=\"735\" data-permalink=\"https:\/\/www.ovs-sic.be\/fr\/elections-sociales-resultats%ef%bb%bf\/8-2\/\" data-orig-file=\"https:\/\/i0.wp.com\/www.ovs-sic.be\/fr\/wp-content\/uploads\/sites\/4\/2019\/01\/8.jpg?fit=1214%2C357&amp;ssl=1\" data-orig-size=\"1214,357\" data-comments-opened=\"1\" data-image-meta=\"{&quot;aperture&quot;:&quot;0&quot;,&quot;credit&quot;:&quot;&quot;,&quot;camera&quot;:&quot;&quot;,&quot;caption&quot;:&quot;&quot;,&quot;created_timestamp&quot;:&quot;0&quot;,&quot;copyright&quot;:&quot;&quot;,&quot;focal_length&quot;:&quot;0&quot;,&quot;iso&quot;:&quot;0&quot;,&quot;shutter_speed&quot;:&quot;0&quot;,&quot;title&quot;:&quot;&quot;,&quot;orientation&quot;:&quot;0&quot;}\" data-image-title=\"8\" data-image-description=\"\" data-image-caption=\"\" data-medium-file=\"https:\/\/i0.wp.com\/www.ovs-sic.be\/fr\/wp-content\/uploads\/sites\/4\/2019\/01\/8.jpg?fit=300%2C88&amp;ssl=1\" data-large-file=\"https:\/\/i0.wp.com\/www.ovs-sic.be\/fr\/wp-content\/uploads\/sites\/4\/2019\/01\/8.jpg?fit=735%2C216&amp;ssl=1\" src=\"https:\/\/i2.wp.com\/www.ovs-sic.be\/fr\/wp-content\/uploads\/sites\/4\/2019\/01\/8.jpg?fit=735%2C216\" alt=\"\" class=\"wp-image-735\" srcset=\"https:\/\/i0.wp.com\/www.ovs-sic.be\/fr\/wp-content\/uploads\/sites\/4\/2019\/01\/8.jpg?w=1214&amp;ssl=1 1214w, https:\/\/i0.wp.com\/www.ovs-sic.be\/fr\/wp-content\/uploads\/sites\/4\/2019\/01\/8.jpg?resize=300%2C88&amp;ssl=1 300w, https:\/\/i0.wp.com\/www.ovs-sic.be\/fr\/wp-content\/uploads\/sites\/4\/2019\/01\/8.jpg?resize=768%2C226&amp;ssl=1 768w, https:\/\/i0.wp.com\/www.ovs-sic.be\/fr\/wp-content\/uploads\/sites\/4\/2019\/01\/8.jpg?resize=1024%2C301&amp;ssl=1 1024w\" sizes=\"auto, (max-width: 735px) 100vw, 735px\" \/><\/figure>\n\n\n\n<p style=\"text-align:center\"><strong>CPBW B-TR TRACTIE NW<\/strong><\/p>\n\n\n\n<figure class=\"wp-block-image\"><img loading=\"lazy\" decoding=\"async\" width=\"1125\" height=\"363\" data-attachment-id=\"736\" data-permalink=\"https:\/\/www.ovs-sic.be\/fr\/elections-sociales-resultats%ef%bb%bf\/9-2\/\" data-orig-file=\"https:\/\/i0.wp.com\/www.ovs-sic.be\/fr\/wp-content\/uploads\/sites\/4\/2019\/01\/9.jpg?fit=1125%2C363&amp;ssl=1\" data-orig-size=\"1125,363\" data-comments-opened=\"1\" data-image-meta=\"{&quot;aperture&quot;:&quot;0&quot;,&quot;credit&quot;:&quot;&quot;,&quot;camera&quot;:&quot;&quot;,&quot;caption&quot;:&quot;&quot;,&quot;created_timestamp&quot;:&quot;0&quot;,&quot;copyright&quot;:&quot;&quot;,&quot;focal_length&quot;:&quot;0&quot;,&quot;iso&quot;:&quot;0&quot;,&quot;shutter_speed&quot;:&quot;0&quot;,&quot;title&quot;:&quot;&quot;,&quot;orientation&quot;:&quot;0&quot;}\" data-image-title=\"9\" data-image-description=\"\" data-image-caption=\"\" data-medium-file=\"https:\/\/i0.wp.com\/www.ovs-sic.be\/fr\/wp-content\/uploads\/sites\/4\/2019\/01\/9.jpg?fit=300%2C97&amp;ssl=1\" data-large-file=\"https:\/\/i0.wp.com\/www.ovs-sic.be\/fr\/wp-content\/uploads\/sites\/4\/2019\/01\/9.jpg?fit=735%2C237&amp;ssl=1\" src=\"https:\/\/i2.wp.com\/www.ovs-sic.be\/fr\/wp-content\/uploads\/sites\/4\/2019\/01\/9.jpg?fit=735%2C237\" alt=\"\" class=\"wp-image-736\" srcset=\"https:\/\/i0.wp.com\/www.ovs-sic.be\/fr\/wp-content\/uploads\/sites\/4\/2019\/01\/9.jpg?w=1125&amp;ssl=1 1125w, https:\/\/i0.wp.com\/www.ovs-sic.be\/fr\/wp-content\/uploads\/sites\/4\/2019\/01\/9.jpg?resize=300%2C97&amp;ssl=1 300w, https:\/\/i0.wp.com\/www.ovs-sic.be\/fr\/wp-content\/uploads\/sites\/4\/2019\/01\/9.jpg?resize=768%2C248&amp;ssl=1 768w, https:\/\/i0.wp.com\/www.ovs-sic.be\/fr\/wp-content\/uploads\/sites\/4\/2019\/01\/9.jpg?resize=1024%2C330&amp;ssl=1 1024w\" sizes=\"auto, (max-width: 735px) 100vw, 735px\" \/><\/figure>\n\n\n\n<p style=\"text-align:center\"><strong>CPBW B-TR TRACTIE CENTRUM \u2013 CPPT TRACTION\nCENTRE<\/strong><\/p>\n\n\n\n<figure class=\"wp-block-image\"><img loading=\"lazy\" decoding=\"async\" width=\"1223\" height=\"398\" data-attachment-id=\"737\" data-permalink=\"https:\/\/www.ovs-sic.be\/fr\/elections-sociales-resultats%ef%bb%bf\/a\/\" data-orig-file=\"https:\/\/i0.wp.com\/www.ovs-sic.be\/fr\/wp-content\/uploads\/sites\/4\/2019\/01\/A.jpg?fit=1223%2C398&amp;ssl=1\" data-orig-size=\"1223,398\" data-comments-opened=\"1\" data-image-meta=\"{&quot;aperture&quot;:&quot;0&quot;,&quot;credit&quot;:&quot;&quot;,&quot;camera&quot;:&quot;&quot;,&quot;caption&quot;:&quot;&quot;,&quot;created_timestamp&quot;:&quot;0&quot;,&quot;copyright&quot;:&quot;&quot;,&quot;focal_length&quot;:&quot;0&quot;,&quot;iso&quot;:&quot;0&quot;,&quot;shutter_speed&quot;:&quot;0&quot;,&quot;title&quot;:&quot;&quot;,&quot;orientation&quot;:&quot;0&quot;}\" data-image-title=\"A\" data-image-description=\"\" data-image-caption=\"\" data-medium-file=\"https:\/\/i0.wp.com\/www.ovs-sic.be\/fr\/wp-content\/uploads\/sites\/4\/2019\/01\/A.jpg?fit=300%2C98&amp;ssl=1\" data-large-file=\"https:\/\/i0.wp.com\/www.ovs-sic.be\/fr\/wp-content\/uploads\/sites\/4\/2019\/01\/A.jpg?fit=735%2C239&amp;ssl=1\" src=\"https:\/\/i1.wp.com\/www.ovs-sic.be\/fr\/wp-content\/uploads\/sites\/4\/2019\/01\/A.jpg?fit=735%2C239\" alt=\"\" class=\"wp-image-737\" srcset=\"https:\/\/i0.wp.com\/www.ovs-sic.be\/fr\/wp-content\/uploads\/sites\/4\/2019\/01\/A.jpg?w=1223&amp;ssl=1 1223w, https:\/\/i0.wp.com\/www.ovs-sic.be\/fr\/wp-content\/uploads\/sites\/4\/2019\/01\/A.jpg?resize=300%2C98&amp;ssl=1 300w, https:\/\/i0.wp.com\/www.ovs-sic.be\/fr\/wp-content\/uploads\/sites\/4\/2019\/01\/A.jpg?resize=768%2C250&amp;ssl=1 768w, https:\/\/i0.wp.com\/www.ovs-sic.be\/fr\/wp-content\/uploads\/sites\/4\/2019\/01\/A.jpg?resize=1024%2C333&amp;ssl=1 1024w\" sizes=\"auto, (max-width: 735px) 100vw, 735px\" \/><\/figure>\n\n\n\n<p style=\"text-align:center\"><strong>CPPT TRACTION SO<\/strong><\/p>\n\n\n\n<figure class=\"wp-block-image\"><img loading=\"lazy\" decoding=\"async\" width=\"1207\" height=\"337\" data-attachment-id=\"738\" data-permalink=\"https:\/\/www.ovs-sic.be\/fr\/elections-sociales-resultats%ef%bb%bf\/b\/\" data-orig-file=\"https:\/\/i0.wp.com\/www.ovs-sic.be\/fr\/wp-content\/uploads\/sites\/4\/2019\/01\/B.jpg?fit=1207%2C337&amp;ssl=1\" data-orig-size=\"1207,337\" data-comments-opened=\"1\" data-image-meta=\"{&quot;aperture&quot;:&quot;0&quot;,&quot;credit&quot;:&quot;&quot;,&quot;camera&quot;:&quot;&quot;,&quot;caption&quot;:&quot;&quot;,&quot;created_timestamp&quot;:&quot;0&quot;,&quot;copyright&quot;:&quot;&quot;,&quot;focal_length&quot;:&quot;0&quot;,&quot;iso&quot;:&quot;0&quot;,&quot;shutter_speed&quot;:&quot;0&quot;,&quot;title&quot;:&quot;&quot;,&quot;orientation&quot;:&quot;0&quot;}\" data-image-title=\"B\" data-image-description=\"\" data-image-caption=\"\" data-medium-file=\"https:\/\/i0.wp.com\/www.ovs-sic.be\/fr\/wp-content\/uploads\/sites\/4\/2019\/01\/B.jpg?fit=300%2C84&amp;ssl=1\" data-large-file=\"https:\/\/i0.wp.com\/www.ovs-sic.be\/fr\/wp-content\/uploads\/sites\/4\/2019\/01\/B.jpg?fit=735%2C205&amp;ssl=1\" src=\"https:\/\/i1.wp.com\/www.ovs-sic.be\/fr\/wp-content\/uploads\/sites\/4\/2019\/01\/B.jpg?fit=735%2C205\" alt=\"\" class=\"wp-image-738\" srcset=\"https:\/\/i0.wp.com\/www.ovs-sic.be\/fr\/wp-content\/uploads\/sites\/4\/2019\/01\/B.jpg?w=1207&amp;ssl=1 1207w, https:\/\/i0.wp.com\/www.ovs-sic.be\/fr\/wp-content\/uploads\/sites\/4\/2019\/01\/B.jpg?resize=300%2C84&amp;ssl=1 300w, https:\/\/i0.wp.com\/www.ovs-sic.be\/fr\/wp-content\/uploads\/sites\/4\/2019\/01\/B.jpg?resize=768%2C214&amp;ssl=1 768w, https:\/\/i0.wp.com\/www.ovs-sic.be\/fr\/wp-content\/uploads\/sites\/4\/2019\/01\/B.jpg?resize=1024%2C286&amp;ssl=1 1024w\" sizes=\"auto, (max-width: 735px) 100vw, 735px\" \/><\/figure>\n\n\n\n<p style=\"text-align:center\"><strong>CPPT I-TMS SO<\/strong><\/p>\n\n\n\n<figure class=\"wp-block-image\"><img loading=\"lazy\" decoding=\"async\" width=\"1222\" height=\"269\" data-attachment-id=\"739\" data-permalink=\"https:\/\/www.ovs-sic.be\/fr\/elections-sociales-resultats%ef%bb%bf\/c\/\" data-orig-file=\"https:\/\/i0.wp.com\/www.ovs-sic.be\/fr\/wp-content\/uploads\/sites\/4\/2019\/01\/C.jpg?fit=1222%2C269&amp;ssl=1\" data-orig-size=\"1222,269\" data-comments-opened=\"1\" data-image-meta=\"{&quot;aperture&quot;:&quot;0&quot;,&quot;credit&quot;:&quot;&quot;,&quot;camera&quot;:&quot;&quot;,&quot;caption&quot;:&quot;&quot;,&quot;created_timestamp&quot;:&quot;0&quot;,&quot;copyright&quot;:&quot;&quot;,&quot;focal_length&quot;:&quot;0&quot;,&quot;iso&quot;:&quot;0&quot;,&quot;shutter_speed&quot;:&quot;0&quot;,&quot;title&quot;:&quot;&quot;,&quot;orientation&quot;:&quot;0&quot;}\" data-image-title=\"C\" data-image-description=\"\" data-image-caption=\"\" data-medium-file=\"https:\/\/i0.wp.com\/www.ovs-sic.be\/fr\/wp-content\/uploads\/sites\/4\/2019\/01\/C.jpg?fit=300%2C66&amp;ssl=1\" data-large-file=\"https:\/\/i0.wp.com\/www.ovs-sic.be\/fr\/wp-content\/uploads\/sites\/4\/2019\/01\/C.jpg?fit=735%2C161&amp;ssl=1\" src=\"https:\/\/i1.wp.com\/www.ovs-sic.be\/fr\/wp-content\/uploads\/sites\/4\/2019\/01\/C.jpg?fit=735%2C161\" alt=\"\" class=\"wp-image-739\" srcset=\"https:\/\/i0.wp.com\/www.ovs-sic.be\/fr\/wp-content\/uploads\/sites\/4\/2019\/01\/C.jpg?w=1222&amp;ssl=1 1222w, https:\/\/i0.wp.com\/www.ovs-sic.be\/fr\/wp-content\/uploads\/sites\/4\/2019\/01\/C.jpg?resize=300%2C66&amp;ssl=1 300w, https:\/\/i0.wp.com\/www.ovs-sic.be\/fr\/wp-content\/uploads\/sites\/4\/2019\/01\/C.jpg?resize=768%2C169&amp;ssl=1 768w, https:\/\/i0.wp.com\/www.ovs-sic.be\/fr\/wp-content\/uploads\/sites\/4\/2019\/01\/C.jpg?resize=1024%2C225&amp;ssl=1 1024w\" sizes=\"auto, (max-width: 735px) 100vw, 735px\" \/><\/figure>\n","protected":false},"excerpt":{"rendered":"<p><!-- wp:paragraph --><\/p>\n<p>Le Syndicat ind\u00e9pendant<br \/>\npour Cheminots a d\u00e9croch\u00e9 21 mandats effectifs et 21 mandats de suppl\u00e9ants pour<br \/>\nrepr\u00e9senter les travailleurs au sein de divers organes soumis aux \u00e9lections<br \/>\nsociales. Toutes nos f\u00e9licitations aux nouveaux mandataires.<\/p>\n<p><!-- \/wp:paragraph --><\/p>\n<p><!-- wp:paragraph --><\/p>\n<p>Le SIC devient<br \/>\nincontestablement la 3<sup>\u00e8me<\/sup> force syndicale au sein des Chemins de fer<br \/>\nbelges. <strong>En additionnant les votes des 3<br \/>\nComit\u00e9s d\u2019Entreprise, notre organisation a r\u00e9colt\u00e9 pr\u00e8s de 8 % des<br \/>\nsuffrages&nbsp;!<\/strong><\/p>\n<p><!-- \/wp:paragraph --><\/p>\n","protected":false},"author":1,"featured_media":740,"comment_status":"open","ping_status":"open","sticky":false,"template":"","format":"standard","meta":{"jetpack_post_was_ever_published":false,"_jetpack_newsletter_access":"","_jetpack_dont_email_post_to_subs":false,"_jetpack_newsletter_tier_id":0,"_jetpack_memberships_contains_paywalled_content":false,"_jetpack_memberships_contains_paid_content":false,"footnotes":"","jetpack_publicize_message":"","jetpack_publicize_feature_enabled":true,"jetpack_social_post_already_shared":true,"jetpack_social_options":{"image_generator_settings":{"template":"highway","default_image_id":0,"font":"","enabled":false},"version":2}},"categories":[6],"tags":[],"class_list":["post-726","post","type-post","status-publish","format-standard","has-post-thumbnail","hentry","category-algemeen"],"jetpack_publicize_connections":[],"jetpack_featured_media_url":"https:\/\/i0.wp.com\/www.ovs-sic.be\/fr\/wp-content\/uploads\/sites\/4\/2019\/01\/kaderwordpress.png?fit=1920%2C1080&ssl=1","jetpack_sharing_enabled":true,"jetpack_shortlink":"https:\/\/wp.me\/p9lyc6-bI","jetpack_likes_enabled":true,"jetpack-related-posts":[{"id":624,"url":"https:\/\/www.ovs-sic.be\/fr\/elections-sociales\/","url_meta":{"origin":726,"position":0},"title":"ELECTIONS SOCIALES","author":"Admin","date":"24 ao\u00fbt 2018","format":false,"excerpt":"Dans le courant du mois de d\u00e9cembre 2018, les Chemins de fer belges organiseront les toutes premi\u00e8res \u00e9lections sociales et bien \u00e9videmment, le Syndicat Ind\u00e9pendant pour Cheminots y participera. Ces \u00e9lections concerneront : Pour les organes de dialogue social : les commissions paritaires r\u00e9gionales ; Pour les organes de dialogue\u2026","rel":"","context":"Dans &quot;Infos G\u00e9n\u00e9rales&quot;","block_context":{"text":"Infos G\u00e9n\u00e9rales","link":"https:\/\/www.ovs-sic.be\/fr\/category\/algemeen\/"},"img":{"alt_text":"","src":"https:\/\/i0.wp.com\/www.ovs-sic.be\/fr\/wp-content\/uploads\/sites\/4\/2018\/08\/elections-sociales2.png?fit=720%2C420&ssl=1&resize=350%2C200","width":350,"height":200,"srcset":"https:\/\/i0.wp.com\/www.ovs-sic.be\/fr\/wp-content\/uploads\/sites\/4\/2018\/08\/elections-sociales2.png?fit=720%2C420&ssl=1&resize=350%2C200 1x, https:\/\/i0.wp.com\/www.ovs-sic.be\/fr\/wp-content\/uploads\/sites\/4\/2018\/08\/elections-sociales2.png?fit=720%2C420&ssl=1&resize=525%2C300 1.5x, https:\/\/i0.wp.com\/www.ovs-sic.be\/fr\/wp-content\/uploads\/sites\/4\/2018\/08\/elections-sociales2.png?fit=720%2C420&ssl=1&resize=700%2C400 2x"},"classes":[]},{"id":510,"url":"https:\/\/www.ovs-sic.be\/fr\/mise-en-oeuvre-du-service-minimum-categories-essentielles-du-personnel\/","url_meta":{"origin":726,"position":1},"title":"Mise en \u0153uvre du service minimum \/ categories essentielles du personnel","author":"Admin","date":"3 avril 2018","format":false,"excerpt":"Les premi\u00e8res \u00e9lections sociales au sein des Chemins de fer belges se d\u00e9rouleront du 3 au 7 d\u00e9cembre 2018. Les cheminots pourront d\u00e9signer leurs repr\u00e9sentants au sein de certains organes de dialogue social. Sans aucune surprise, le l\u00e9gislateur a exclu de ces \u00e9lections les mandats de la (sous) Commission paritaire\u2026","rel":"","context":"Dans &quot;Infos G\u00e9n\u00e9rales&quot;","block_context":{"text":"Infos G\u00e9n\u00e9rales","link":"https:\/\/www.ovs-sic.be\/fr\/category\/algemeen\/"},"img":{"alt_text":"","src":"https:\/\/i0.wp.com\/www.ovs-sic.be\/fr\/wp-content\/uploads\/sites\/4\/2018\/04\/sv-e1522714042207.png?fit=692%2C363&ssl=1&resize=350%2C200","width":350,"height":200,"srcset":"https:\/\/i0.wp.com\/www.ovs-sic.be\/fr\/wp-content\/uploads\/sites\/4\/2018\/04\/sv-e1522714042207.png?fit=692%2C363&ssl=1&resize=350%2C200 1x, https:\/\/i0.wp.com\/www.ovs-sic.be\/fr\/wp-content\/uploads\/sites\/4\/2018\/04\/sv-e1522714042207.png?fit=692%2C363&ssl=1&resize=525%2C300 1.5x"},"classes":[]},{"id":197,"url":"https:\/\/www.ovs-sic.be\/fr\/le-sic-gagne-son-recours-en-annulation\/","url_meta":{"origin":726,"position":2},"title":"LE SIC GAGNE SON RECOURS EN ANNULATION","author":"Admin","date":"13 octobre 2017","format":false,"excerpt":"La Cour Constitutionnelle a rendu son jugement le 26 juillet et a confirm\u00e9 sa pr\u00e9c\u00e9dente d\u00e9cision de suspension (18 mai 2017) de l\u2019article 12 de la loi du 3 ao\u00fbt 2016 qui ins\u00e8re un article 114\/1 de la loi du 23 juillet 1926 relative \u00e0 la SNCB et au personnel\u2026","rel":"","context":"Dans &quot;Infos G\u00e9n\u00e9rales&quot;","block_context":{"text":"Infos G\u00e9n\u00e9rales","link":"https:\/\/www.ovs-sic.be\/fr\/category\/algemeen\/"},"img":{"alt_text":"","src":"https:\/\/i0.wp.com\/www.ovs-sic.be\/fr\/wp-content\/uploads\/sites\/4\/2017\/10\/COUR-CONSTIITUTIONNELLE-e1507846797207.png?fit=1000%2C465&ssl=1&resize=350%2C200","width":350,"height":200,"srcset":"https:\/\/i0.wp.com\/www.ovs-sic.be\/fr\/wp-content\/uploads\/sites\/4\/2017\/10\/COUR-CONSTIITUTIONNELLE-e1507846797207.png?fit=1000%2C465&ssl=1&resize=350%2C200 1x, https:\/\/i0.wp.com\/www.ovs-sic.be\/fr\/wp-content\/uploads\/sites\/4\/2017\/10\/COUR-CONSTIITUTIONNELLE-e1507846797207.png?fit=1000%2C465&ssl=1&resize=525%2C300 1.5x, https:\/\/i0.wp.com\/www.ovs-sic.be\/fr\/wp-content\/uploads\/sites\/4\/2017\/10\/COUR-CONSTIITUTIONNELLE-e1507846797207.png?fit=1000%2C465&ssl=1&resize=700%2C400 2x"},"classes":[]},{"id":680,"url":"https:\/\/www.ovs-sic.be\/fr\/votez-1-elections-sociales\/","url_meta":{"origin":726,"position":3},"title":"Votez 1 &#8211; Elections Sociales","author":"Admin","date":"29 novembre 2018","format":false,"excerpt":"En modifiant la loi du 23 juillet 1926 relative \u00e0 la SNCB et au personnel des Chemins de fer belges, le l\u00e9gislateur a permis aux travailleurs du rail de d\u00e9signer leurs repr\u00e9sentants syndicaux au sein des commissions paritaires r\u00e9gionales, des comit\u00e9s d\u2019entreprise et des comit\u00e9s pour la pr\u00e9vention et la\u2026","rel":"","context":"Dans &quot;Infos G\u00e9n\u00e9rales&quot;","block_context":{"text":"Infos G\u00e9n\u00e9rales","link":"https:\/\/www.ovs-sic.be\/fr\/category\/algemeen\/"},"img":{"alt_text":"","src":"https:\/\/i0.wp.com\/www.ovs-sic.be\/fr\/wp-content\/uploads\/sites\/4\/2018\/11\/electionssociales.png?fit=1200%2C675&ssl=1&resize=350%2C200","width":350,"height":200,"srcset":"https:\/\/i0.wp.com\/www.ovs-sic.be\/fr\/wp-content\/uploads\/sites\/4\/2018\/11\/electionssociales.png?fit=1200%2C675&ssl=1&resize=350%2C200 1x, https:\/\/i0.wp.com\/www.ovs-sic.be\/fr\/wp-content\/uploads\/sites\/4\/2018\/11\/electionssociales.png?fit=1200%2C675&ssl=1&resize=525%2C300 1.5x, https:\/\/i0.wp.com\/www.ovs-sic.be\/fr\/wp-content\/uploads\/sites\/4\/2018\/11\/electionssociales.png?fit=1200%2C675&ssl=1&resize=700%2C400 2x, https:\/\/i0.wp.com\/www.ovs-sic.be\/fr\/wp-content\/uploads\/sites\/4\/2018\/11\/electionssociales.png?fit=1200%2C675&ssl=1&resize=1050%2C600 3x"},"classes":[]},{"id":1029,"url":"https:\/\/www.ovs-sic.be\/fr\/le-sic-exclu-des-debats-relatifs-au-corona\/","url_meta":{"origin":726,"position":4},"title":"LE SIC EXCLU DES DEBATS RELATIFS AU CORONA","author":"","date":"18 mai 2020","format":false,"excerpt":"Bruxelles, le 2 mai 2020 Objet : Coronavirus : Non-respect des organes de dialogue social relatifs au bien-\u00eatre au travail Monsieur le Directeur g\u00e9n\u00e9ral, Le 17\/03\/2020, les repr\u00e9sentants (employeur\/syndicats reconnus) si\u00e9geant au Comit\u00e9 de Pilotage ont d\u00e9cid\u00e9 de consid\u00e9rer celui-ci comme seul organe d\u00e9cisionnel dans le contexte de la crise\u2026","rel":"","context":"Dans &quot;Infos G\u00e9n\u00e9rales&quot;","block_context":{"text":"Infos G\u00e9n\u00e9rales","link":"https:\/\/www.ovs-sic.be\/fr\/category\/algemeen\/"},"img":{"alt_text":"","src":"https:\/\/i0.wp.com\/www.ovs-sic.be\/fr\/wp-content\/uploads\/sites\/4\/2020\/05\/CORONA.jpg?fit=348%2C215&ssl=1&resize=350%2C200","width":350,"height":200},"classes":[]},{"id":1104,"url":"https:\/\/www.ovs-sic.be\/fr\/augmentation-inquietante-des-agressions-envers-le-personnel-le-sic-tire-la-sonnette-dalarme\/","url_meta":{"origin":726,"position":5},"title":"AUGMENTATION INQUIETANTE DES AGRESSIONS ENVERS LE PERSONNEL LE SIC TIRE LA SONNETTE D&rsquo;ALARME","author":"Admin","date":"21 juin 2021","format":false,"excerpt":"Depuis un certain temps, notre organisation met en lumi\u00e8re les probl\u00e8mes rencontr\u00e9s par les cheminots dans l'exercice de leurs fonctions et qui constituent une menace pour leur s\u00e9curit\u00e9 personnelle.","rel":"","context":"Dans &quot;Infos Asco&quot;","block_context":{"text":"Infos Asco","link":"https:\/\/www.ovs-sic.be\/fr\/category\/veco\/"},"img":{"alt_text":"","src":"https:\/\/i0.wp.com\/www.ovs-sic.be\/fr\/wp-content\/uploads\/sites\/4\/2021\/06\/agressietbg.jpg?fit=466%2C346&ssl=1&resize=350%2C200","width":350,"height":200},"classes":[]}],"_links":{"self":[{"href":"https:\/\/www.ovs-sic.be\/fr\/wp-json\/wp\/v2\/posts\/726","targetHints":{"allow":["GET"]}}],"collection":[{"href":"https:\/\/www.ovs-sic.be\/fr\/wp-json\/wp\/v2\/posts"}],"about":[{"href":"https:\/\/www.ovs-sic.be\/fr\/wp-json\/wp\/v2\/types\/post"}],"author":[{"embeddable":true,"href":"https:\/\/www.ovs-sic.be\/fr\/wp-json\/wp\/v2\/users\/1"}],"replies":[{"embeddable":true,"href":"https:\/\/www.ovs-sic.be\/fr\/wp-json\/wp\/v2\/comments?post=726"}],"version-history":[{"count":2,"href":"https:\/\/www.ovs-sic.be\/fr\/wp-json\/wp\/v2\/posts\/726\/revisions"}],"predecessor-version":[{"id":746,"href":"https:\/\/www.ovs-sic.be\/fr\/wp-json\/wp\/v2\/posts\/726\/revisions\/746"}],"wp:featuredmedia":[{"embeddable":true,"href":"https:\/\/www.ovs-sic.be\/fr\/wp-json\/wp\/v2\/media\/740"}],"wp:attachment":[{"href":"https:\/\/www.ovs-sic.be\/fr\/wp-json\/wp\/v2\/media?parent=726"}],"wp:term":[{"taxonomy":"category","embeddable":true,"href":"https:\/\/www.ovs-sic.be\/fr\/wp-json\/wp\/v2\/categories?post=726"},{"taxonomy":"post_tag","embeddable":true,"href":"https:\/\/www.ovs-sic.be\/fr\/wp-json\/wp\/v2\/tags?post=726"}],"curies":[{"name":"wp","href":"https:\/\/api.w.org\/{rel}","templated":true}]}}