{"id":721,"date":"2018-12-28T12:30:57","date_gmt":"2018-12-28T11:30:57","guid":{"rendered":"https:\/\/www.ovs-sic.be\/fr\/?p=721"},"modified":"2019-01-26T15:59:29","modified_gmt":"2019-01-26T14:59:29","slug":"la-cotisation-syndicale-passera-a-14e-au-01-01-2019","status":"publish","type":"post","link":"https:\/\/www.ovs-sic.be\/fr\/la-cotisation-syndicale-passera-a-14e-au-01-01-2019\/","title":{"rendered":"LA COTISATION SYNDICALE PASSERA A 14\u20ac AU 01-01-2019"},"content":{"rendered":"\n<p>La cotisation syndicale passera d\u00e9sormais \u00e0 14\u20ac \u00e0 partir du 01-01-2019.<\/p>\n\n\n\n<p>Le montant&nbsp;restera inchang\u00e9 pour les retrait\u00e9s.<\/p>\n\n\n\n<p>La prime annuelle syndicale s&rsquo;\u00e9l\u00e8vera d\u00e9sormais \u00e0 125\u20ac<\/p>\n\n\n\n<p><\/p>\n","protected":false},"excerpt":{"rendered":"<p><!-- wp:paragraph --><\/p>\n<p>La cotisation syndicale passera d\u00e9sormais \u00e0 14\u20ac \u00e0 partir du 01-01-2019.<\/p>\n<p><!-- \/wp:paragraph --><\/p>\n<p><!-- wp:paragraph --><\/p>\n<p>Le montant&nbsp;restera inchang\u00e9 pour les retrait\u00e9s.<\/p>\n<p><!-- \/wp:paragraph --><\/p>\n<p><!-- wp:paragraph --><\/p>\n<p>La prime annuelle syndicale s&rsquo;\u00e9l\u00e8vera d\u00e9sormais \u00e0 125\u20ac<\/p>\n<p><!-- \/wp:paragraph --><\/p>\n","protected":false},"author":2,"featured_media":723,"comment_status":"open","ping_status":"open","sticky":false,"template":"","format":"standard","meta":{"jetpack_post_was_ever_published":false,"_jetpack_newsletter_access":"","_jetpack_dont_email_post_to_subs":false,"_jetpack_newsletter_tier_id":0,"_jetpack_memberships_contains_paywalled_content":false,"_jetpack_memberships_contains_paid_content":false,"footnotes":"","jetpack_publicize_message":"","jetpack_publicize_feature_enabled":true,"jetpack_social_post_already_shared":true,"jetpack_social_options":{"image_generator_settings":{"template":"highway","default_image_id":0,"font":"","enabled":false},"version":2}},"categories":[6],"tags":[],"class_list":["post-721","post","type-post","status-publish","format-standard","has-post-thumbnail","hentry","category-algemeen"],"jetpack_publicize_connections":[],"jetpack_featured_media_url":"https:\/\/i0.wp.com\/www.ovs-sic.be\/fr\/wp-content\/uploads\/sites\/4\/2018\/12\/argent-libre-de-droit.jpg?fit=259%2C194&ssl=1","jetpack_sharing_enabled":true,"jetpack_shortlink":"https:\/\/wp.me\/p9lyc6-bD","jetpack_likes_enabled":true,"jetpack-related-posts":[{"id":624,"url":"https:\/\/www.ovs-sic.be\/fr\/elections-sociales\/","url_meta":{"origin":721,"position":0},"title":"ELECTIONS SOCIALES","author":"Admin","date":"24 ao\u00fbt 2018","format":false,"excerpt":"Dans le courant du mois de d\u00e9cembre 2018, les Chemins de fer belges organiseront les toutes premi\u00e8res \u00e9lections sociales et bien \u00e9videmment, le Syndicat Ind\u00e9pendant pour Cheminots y participera. Ces \u00e9lections concerneront : Pour les organes de dialogue social : les commissions paritaires r\u00e9gionales ; Pour les organes de dialogue\u2026","rel":"","context":"Dans &quot;Infos G\u00e9n\u00e9rales&quot;","block_context":{"text":"Infos G\u00e9n\u00e9rales","link":"https:\/\/www.ovs-sic.be\/fr\/category\/algemeen\/"},"img":{"alt_text":"","src":"https:\/\/i0.wp.com\/www.ovs-sic.be\/fr\/wp-content\/uploads\/sites\/4\/2018\/08\/elections-sociales2.png?fit=720%2C420&ssl=1&resize=350%2C200","width":350,"height":200,"srcset":"https:\/\/i0.wp.com\/www.ovs-sic.be\/fr\/wp-content\/uploads\/sites\/4\/2018\/08\/elections-sociales2.png?fit=720%2C420&ssl=1&resize=350%2C200 1x, https:\/\/i0.wp.com\/www.ovs-sic.be\/fr\/wp-content\/uploads\/sites\/4\/2018\/08\/elections-sociales2.png?fit=720%2C420&ssl=1&resize=525%2C300 1.5x, https:\/\/i0.wp.com\/www.ovs-sic.be\/fr\/wp-content\/uploads\/sites\/4\/2018\/08\/elections-sociales2.png?fit=720%2C420&ssl=1&resize=700%2C400 2x"},"classes":[]},{"id":759,"url":"https:\/\/www.ovs-sic.be\/fr\/changement-pour-le-droit-a-lassurabilite-de-la-caisse-des-soins-de-sante-en-qualite-de-personne-a-charge-de-pensionnes\/","url_meta":{"origin":721,"position":1},"title":"CHANGEMENT POUR LE DROIT A L\u2019ASSURABILITE DE LA CAISSE DES SOINS DE SANTE EN QUALITE DE PERSONNE A CHARGE DE PENSIONNES !","author":"Admin","date":"28 janvier 2019","format":false,"excerpt":"Annulation du droit d\u2019option en qualit\u00e9 de personne \u00e0 charge pour les pensionn\u00e9s avec une carri\u00e8re professionnelle de moins d\u2019un tiers de carri\u00e8re compl\u00e8te \u00e0 partir du 01.01.2019. G\u00e9n\u00e9ralit\u00e9s A partir du 01\/01\/2019, les retrait\u00e9s et les veuves pouvant pr\u00e9tendre \u00e0 des soins m\u00e9dicaux sans paiement de cotisations personnelles, ne\u2026","rel":"","context":"Dans &quot;Infos G\u00e9n\u00e9rales&quot;","block_context":{"text":"Infos G\u00e9n\u00e9rales","link":"https:\/\/www.ovs-sic.be\/fr\/category\/algemeen\/"},"img":{"alt_text":"","src":"https:\/\/i0.wp.com\/www.ovs-sic.be\/fr\/wp-content\/uploads\/sites\/4\/2019\/01\/wood-play-money-nostalgia-blue-paper-920484-pxhere.com_.jpg?fit=1200%2C801&ssl=1&resize=350%2C200","width":350,"height":200,"srcset":"https:\/\/i0.wp.com\/www.ovs-sic.be\/fr\/wp-content\/uploads\/sites\/4\/2019\/01\/wood-play-money-nostalgia-blue-paper-920484-pxhere.com_.jpg?fit=1200%2C801&ssl=1&resize=350%2C200 1x, https:\/\/i0.wp.com\/www.ovs-sic.be\/fr\/wp-content\/uploads\/sites\/4\/2019\/01\/wood-play-money-nostalgia-blue-paper-920484-pxhere.com_.jpg?fit=1200%2C801&ssl=1&resize=525%2C300 1.5x, https:\/\/i0.wp.com\/www.ovs-sic.be\/fr\/wp-content\/uploads\/sites\/4\/2019\/01\/wood-play-money-nostalgia-blue-paper-920484-pxhere.com_.jpg?fit=1200%2C801&ssl=1&resize=700%2C400 2x, https:\/\/i0.wp.com\/www.ovs-sic.be\/fr\/wp-content\/uploads\/sites\/4\/2019\/01\/wood-play-money-nostalgia-blue-paper-920484-pxhere.com_.jpg?fit=1200%2C801&ssl=1&resize=1050%2C600 3x"},"classes":[]},{"id":726,"url":"https:\/\/www.ovs-sic.be\/fr\/elections-sociales-resultats%ef%bb%bf\/","url_meta":{"origin":721,"position":2},"title":"ELECTIONS SOCIALES \u2013 RESULTATS\ufeff","author":"Admin","date":"7 janvier 2019","format":false,"excerpt":"Le Syndicat ind\u00e9pendant pour Cheminots a d\u00e9croch\u00e9 21 mandats effectifs et 21 mandats de suppl\u00e9ants pour repr\u00e9senter les travailleurs au sein de divers organes soumis aux \u00e9lections sociales. Toutes nos f\u00e9licitations aux nouveaux mandataires. Le SIC devient incontestablement la 3\u00e8me force syndicale au sein des Chemins de fer belges. En\u2026","rel":"","context":"Dans &quot;Infos G\u00e9n\u00e9rales&quot;","block_context":{"text":"Infos G\u00e9n\u00e9rales","link":"https:\/\/www.ovs-sic.be\/fr\/category\/algemeen\/"},"img":{"alt_text":"","src":"https:\/\/i0.wp.com\/www.ovs-sic.be\/fr\/wp-content\/uploads\/sites\/4\/2019\/01\/kaderwordpress.png?fit=1200%2C675&ssl=1&resize=350%2C200","width":350,"height":200,"srcset":"https:\/\/i0.wp.com\/www.ovs-sic.be\/fr\/wp-content\/uploads\/sites\/4\/2019\/01\/kaderwordpress.png?fit=1200%2C675&ssl=1&resize=350%2C200 1x, https:\/\/i0.wp.com\/www.ovs-sic.be\/fr\/wp-content\/uploads\/sites\/4\/2019\/01\/kaderwordpress.png?fit=1200%2C675&ssl=1&resize=525%2C300 1.5x, https:\/\/i0.wp.com\/www.ovs-sic.be\/fr\/wp-content\/uploads\/sites\/4\/2019\/01\/kaderwordpress.png?fit=1200%2C675&ssl=1&resize=700%2C400 2x, https:\/\/i0.wp.com\/www.ovs-sic.be\/fr\/wp-content\/uploads\/sites\/4\/2019\/01\/kaderwordpress.png?fit=1200%2C675&ssl=1&resize=1050%2C600 3x"},"classes":[]},{"id":970,"url":"https:\/\/www.ovs-sic.be\/fr\/cpn-23-12-2019-%ef%83%a0-mesures-specifiques-pour-le-personnel-daccompagnement-des-trains\/","url_meta":{"origin":721,"position":3},"title":"CPN 23-12-2019 \uf0e0 MESURES SPECIFIQUES POUR LE PERSONNEL D\u2019ACCOMPAGNEMENT DES TRAINS","author":"","date":"31 d\u00e9cembre 2019","format":false,"excerpt":"La SNCB et les organisations syndicales repr\u00e9sent\u00e9es au sein des organes de concertation paritaires se sont rassembl\u00e9es autour de la table ces derni\u00e8res semaines pour mettre en place certaines mesures au sein de la fili\u00e8re accompagnement des trains. Le projet de document en annexe reprend les diff\u00e9rentes mesures qui seront\u2026","rel":"","context":"Dans &quot;Infos Asco&quot;","block_context":{"text":"Infos Asco","link":"https:\/\/www.ovs-sic.be\/fr\/category\/veco\/"},"img":{"alt_text":"","src":"https:\/\/i0.wp.com\/www.ovs-sic.be\/fr\/wp-content\/uploads\/sites\/4\/2019\/07\/IMG_20190712_143335.jpg?fit=1140%2C666&ssl=1&resize=350%2C200","width":350,"height":200,"srcset":"https:\/\/i0.wp.com\/www.ovs-sic.be\/fr\/wp-content\/uploads\/sites\/4\/2019\/07\/IMG_20190712_143335.jpg?fit=1140%2C666&ssl=1&resize=350%2C200 1x, https:\/\/i0.wp.com\/www.ovs-sic.be\/fr\/wp-content\/uploads\/sites\/4\/2019\/07\/IMG_20190712_143335.jpg?fit=1140%2C666&ssl=1&resize=525%2C300 1.5x, https:\/\/i0.wp.com\/www.ovs-sic.be\/fr\/wp-content\/uploads\/sites\/4\/2019\/07\/IMG_20190712_143335.jpg?fit=1140%2C666&ssl=1&resize=700%2C400 2x, https:\/\/i0.wp.com\/www.ovs-sic.be\/fr\/wp-content\/uploads\/sites\/4\/2019\/07\/IMG_20190712_143335.jpg?fit=1140%2C666&ssl=1&resize=1050%2C600 3x"},"classes":[]},{"id":1131,"url":"https:\/\/www.ovs-sic.be\/fr\/paiement-des-jours-de-compensation-position-du-sic\/","url_meta":{"origin":721,"position":4},"title":"Paiement des jours de compensation : position du SIC","author":"Admin","date":"7 octobre 2021","format":false,"excerpt":"C'est avec un grand \u00e9tonnement et une col\u00e8re grandissante que nous avons appris ce matin que la SNCB proc\u00e8dera au paiement obligatoire des jours de compensation en retard.","rel":"","context":"Dans &quot;Infos G\u00e9n\u00e9rales&quot;","block_context":{"text":"Infos G\u00e9n\u00e9rales","link":"https:\/\/www.ovs-sic.be\/fr\/category\/algemeen\/"},"img":{"alt_text":"","src":"https:\/\/i0.wp.com\/www.ovs-sic.be\/fr\/wp-content\/uploads\/sites\/4\/2021\/10\/photo1633635772.jpeg?fit=1170%2C780&ssl=1&resize=350%2C200","width":350,"height":200,"srcset":"https:\/\/i0.wp.com\/www.ovs-sic.be\/fr\/wp-content\/uploads\/sites\/4\/2021\/10\/photo1633635772.jpeg?fit=1170%2C780&ssl=1&resize=350%2C200 1x, https:\/\/i0.wp.com\/www.ovs-sic.be\/fr\/wp-content\/uploads\/sites\/4\/2021\/10\/photo1633635772.jpeg?fit=1170%2C780&ssl=1&resize=525%2C300 1.5x, https:\/\/i0.wp.com\/www.ovs-sic.be\/fr\/wp-content\/uploads\/sites\/4\/2021\/10\/photo1633635772.jpeg?fit=1170%2C780&ssl=1&resize=700%2C400 2x, https:\/\/i0.wp.com\/www.ovs-sic.be\/fr\/wp-content\/uploads\/sites\/4\/2021\/10\/photo1633635772.jpeg?fit=1170%2C780&ssl=1&resize=1050%2C600 3x"},"classes":[]},{"id":903,"url":"https:\/\/www.ovs-sic.be\/fr\/hr-rail-compte-rendu-de-la-reunion-de-conciliation-du-11-juillet-2019-suite-a-lactivation-de-la-procedure-de-sonnette-dalarme\/","url_meta":{"origin":721,"position":5},"title":"HR Rail Compte-rendu de la r\u00e9union de conciliation du 11 juillet 2019 suite \u00e0 l\u2019activation de la proc\u00e9dure de sonnette d\u2019alarme","author":"","date":"19 juillet 2019","format":false,"excerpt":"- courrier du 03 juillet 2019 du SIC-OVS situation du personnel d\u2019accompagnement Pr\u00e9sents : HR Rail et SNCB : Paul Hautekiet, Jean-Marie Rossignon, Etienne Laurent, Annelies De Geijselaer, Mireille Protin, Petra Blanckaert, Wouter De Block SIC-OVS : Joachim Permentier, Pascal Dumont et Kasper Van Maldegem * * * Paul Hautekiet,\u2026","rel":"","context":"Dans &quot;Infos G\u00e9n\u00e9rales&quot;","block_context":{"text":"Infos G\u00e9n\u00e9rales","link":"https:\/\/www.ovs-sic.be\/fr\/category\/algemeen\/"},"img":{"alt_text":"","src":"","width":0,"height":0},"classes":[]}],"_links":{"self":[{"href":"https:\/\/www.ovs-sic.be\/fr\/wp-json\/wp\/v2\/posts\/721","targetHints":{"allow":["GET"]}}],"collection":[{"href":"https:\/\/www.ovs-sic.be\/fr\/wp-json\/wp\/v2\/posts"}],"about":[{"href":"https:\/\/www.ovs-sic.be\/fr\/wp-json\/wp\/v2\/types\/post"}],"author":[{"embeddable":true,"href":"https:\/\/www.ovs-sic.be\/fr\/wp-json\/wp\/v2\/users\/2"}],"replies":[{"embeddable":true,"href":"https:\/\/www.ovs-sic.be\/fr\/wp-json\/wp\/v2\/comments?post=721"}],"version-history":[{"count":3,"href":"https:\/\/www.ovs-sic.be\/fr\/wp-json\/wp\/v2\/posts\/721\/revisions"}],"predecessor-version":[{"id":747,"href":"https:\/\/www.ovs-sic.be\/fr\/wp-json\/wp\/v2\/posts\/721\/revisions\/747"}],"wp:featuredmedia":[{"embeddable":true,"href":"https:\/\/www.ovs-sic.be\/fr\/wp-json\/wp\/v2\/media\/723"}],"wp:attachment":[{"href":"https:\/\/www.ovs-sic.be\/fr\/wp-json\/wp\/v2\/media?parent=721"}],"wp:term":[{"taxonomy":"category","embeddable":true,"href":"https:\/\/www.ovs-sic.be\/fr\/wp-json\/wp\/v2\/categories?post=721"},{"taxonomy":"post_tag","embeddable":true,"href":"https:\/\/www.ovs-sic.be\/fr\/wp-json\/wp\/v2\/tags?post=721"}],"curies":[{"name":"wp","href":"https:\/\/api.w.org\/{rel}","templated":true}]}}