{"id":624,"date":"2018-08-24T20:36:40","date_gmt":"2018-08-24T18:36:40","guid":{"rendered":"https:\/\/www.ovs-sic.be\/fr\/?p=624"},"modified":"2018-08-24T20:36:47","modified_gmt":"2018-08-24T18:36:47","slug":"elections-sociales","status":"publish","type":"post","link":"https:\/\/www.ovs-sic.be\/fr\/elections-sociales\/","title":{"rendered":"ELECTIONS SOCIALES"},"content":{"rendered":"\n<p class=\"has-regular-font-size\">Dans le courant du mois de d\u00e9cembre 2018, les Chemins de fer belges organiseront les toutes premi\u00e8res \u00e9lections sociales et bien \u00e9videmment, le Syndicat Ind\u00e9pendant pour Cheminots y participera.<\/p>\n\n\n\n<p style=\"font-size:19px\"><strong>Ces \u00e9lections concerneront :<\/strong><\/p>\n\n\n\n<ol class=\"wp-block-list\"><li>Pour les organes de dialogue social : les commissions paritaires r\u00e9gionales ; <\/li><li>Pour les organes de dialogue social relatifs au bien-\u00eatre au travail : les 3 comit\u00e9s d&rsquo;entreprise (HR RAIL &#8211; SNCB &#8211; INFRABEL) ainsi que les (sous) comit\u00e9s pour la pr\u00e9vention et la protection au travail.<\/li><\/ol>\n\n\n\n<p>Pour la premi\u00e8re fois, les cheminots pourront \u00e9lire librement leurs repr\u00e9sentants au sein des diff\u00e9rents organes paritaires susmentionn\u00e9s.<br\/>En pr\u00e9sentant un maximum de candidats et, si vous lui accordez votre confiance, Le Syndicat Ind\u00e9pendant pour Cheminots compte marquer de son empreinte les r\u00e9unions paritaires, avec pour leitmotiv la d\u00e9fense collective des int\u00e9r\u00eats des travailleurs sans concession.<br\/><br\/>Depuis 2013, <strong>une hausse de la productivit\u00e9 annuelle de 4 %<\/strong> a \u00e9t\u00e9 impos\u00e9e et a provoqu\u00e9 un accroissement de la charge de travail pour de nombreux agents. Ainsi, <strong>la charge psychosociale atteint souvent des niveaux critiques<\/strong>. Parall\u00e8lement, nous n&rsquo;avons eu de cesse de d\u00e9noncer des situations potentiellement dangereuses, avec g\u00e9n\u00e9ralement pour toute r\u00e9ponse de la hi\u00e9rarchie un silence assourdissant.<br\/><br\/><strong>Notre pr\u00e9sence au sein des instances paritaires obligerait l\u00e9galement l&#8217;employeur \u00e0 enfin donner un suivi \u00e0 nos demandes.<\/strong><\/p>\n\n\n\n<p style=\"font-size:18px\"><strong>Pourquoi voter pour le Syndicat Ind\u00e9pendant Cheminots ?<\/strong><\/p>\n\n\n\n<p>Notre organisation syndicale cr\u00e9\u00e9e en 1983 est <strong>apolitique et ind\u00e9pendante<\/strong> \u00e0 tous les niveaux. <strong>Elle repr\u00e9sente tous les cheminots et est g\u00e9r\u00e9e uniquement par des personnes de terrain b\u00e9n\u00e9voles<\/strong>. Tous nos choix syndicaux et d\u00e9cisions sont pris dans la plus grande transparence \u00e0 tous les niveaux de notre structure. En votant pour la liste du SIC qui porte le num\u00e9ro 1, vous choisissez <strong>la voie du changement<\/strong>.<br\/><br\/>Si vous voulez repr\u00e9senter les travailleurs de votre si\u00e8ge de travail, nous sommes ouverts \u00e0 toute candidature au sein des organes paritaires soumis aux \u00e9lections sociales. Contact sur info@ovs-sic.be<\/p>\n\n\n\n<div class=\"wp-block-file\"><a href=\"https:\/\/www.ovs-sic.be\/fr\/wp-content\/uploads\/sites\/4\/2018\/08\/Avis-syndical-Elections-sociales.pdf\">T\u00e9l\u00e9charger Avis Syndical Elections Sociales<\/a><a href=\"https:\/\/www.ovs-sic.be\/fr\/wp-content\/uploads\/sites\/4\/2018\/08\/Avis-syndical-Elections-sociales.pdf\" class=\"wp-block-file__button\" download=\"T\u00e9l\u00e9charger Avis Syndical Elections Sociales\">Download<\/a><\/div>\n","protected":false},"excerpt":{"rendered":"<p>Dans le courant du mois de d\u00e9cembre 2018, les Chemins de fer belges organiseront les toutes premi\u00e8res \u00e9lections sociales et bien \u00e9videmment, le Syndicat Ind\u00e9pendant pour Cheminots y participera. Ces &hellip; <\/p>\n","protected":false},"author":1,"featured_media":625,"comment_status":"open","ping_status":"open","sticky":false,"template":"","format":"standard","meta":{"jetpack_post_was_ever_published":false,"_jetpack_newsletter_access":"","_jetpack_dont_email_post_to_subs":false,"_jetpack_newsletter_tier_id":0,"_jetpack_memberships_contains_paywalled_content":false,"_jetpack_memberships_contains_paid_content":false,"footnotes":"","jetpack_publicize_message":"","jetpack_publicize_feature_enabled":true,"jetpack_social_post_already_shared":true,"jetpack_social_options":{"image_generator_settings":{"template":"highway","default_image_id":0,"font":"","enabled":false},"version":2}},"categories":[6],"tags":[],"class_list":["post-624","post","type-post","status-publish","format-standard","has-post-thumbnail","hentry","category-algemeen"],"jetpack_publicize_connections":[],"jetpack_featured_media_url":"https:\/\/i0.wp.com\/www.ovs-sic.be\/fr\/wp-content\/uploads\/sites\/4\/2018\/08\/elections-sociales2.png?fit=720%2C420&ssl=1","jetpack_sharing_enabled":true,"jetpack_shortlink":"https:\/\/wp.me\/p9lyc6-a4","jetpack_likes_enabled":true,"jetpack-related-posts":[{"id":726,"url":"https:\/\/www.ovs-sic.be\/fr\/elections-sociales-resultats%ef%bb%bf\/","url_meta":{"origin":624,"position":0},"title":"ELECTIONS SOCIALES \u2013 RESULTATS\ufeff","author":"Admin","date":"7 janvier 2019","format":false,"excerpt":"Le Syndicat ind\u00e9pendant pour Cheminots a d\u00e9croch\u00e9 21 mandats effectifs et 21 mandats de suppl\u00e9ants pour repr\u00e9senter les travailleurs au sein de divers organes soumis aux \u00e9lections sociales. Toutes nos f\u00e9licitations aux nouveaux mandataires. Le SIC devient incontestablement la 3\u00e8me force syndicale au sein des Chemins de fer belges. En\u2026","rel":"","context":"Dans &quot;Infos G\u00e9n\u00e9rales&quot;","block_context":{"text":"Infos G\u00e9n\u00e9rales","link":"https:\/\/www.ovs-sic.be\/fr\/category\/algemeen\/"},"img":{"alt_text":"","src":"https:\/\/i0.wp.com\/www.ovs-sic.be\/fr\/wp-content\/uploads\/sites\/4\/2019\/01\/kaderwordpress.png?fit=1200%2C675&ssl=1&resize=350%2C200","width":350,"height":200,"srcset":"https:\/\/i0.wp.com\/www.ovs-sic.be\/fr\/wp-content\/uploads\/sites\/4\/2019\/01\/kaderwordpress.png?fit=1200%2C675&ssl=1&resize=350%2C200 1x, https:\/\/i0.wp.com\/www.ovs-sic.be\/fr\/wp-content\/uploads\/sites\/4\/2019\/01\/kaderwordpress.png?fit=1200%2C675&ssl=1&resize=525%2C300 1.5x, https:\/\/i0.wp.com\/www.ovs-sic.be\/fr\/wp-content\/uploads\/sites\/4\/2019\/01\/kaderwordpress.png?fit=1200%2C675&ssl=1&resize=700%2C400 2x, https:\/\/i0.wp.com\/www.ovs-sic.be\/fr\/wp-content\/uploads\/sites\/4\/2019\/01\/kaderwordpress.png?fit=1200%2C675&ssl=1&resize=1050%2C600 3x"},"classes":[]},{"id":510,"url":"https:\/\/www.ovs-sic.be\/fr\/mise-en-oeuvre-du-service-minimum-categories-essentielles-du-personnel\/","url_meta":{"origin":624,"position":1},"title":"Mise en \u0153uvre du service minimum \/ categories essentielles du personnel","author":"Admin","date":"3 avril 2018","format":false,"excerpt":"Les premi\u00e8res \u00e9lections sociales au sein des Chemins de fer belges se d\u00e9rouleront du 3 au 7 d\u00e9cembre 2018. Les cheminots pourront d\u00e9signer leurs repr\u00e9sentants au sein de certains organes de dialogue social. Sans aucune surprise, le l\u00e9gislateur a exclu de ces \u00e9lections les mandats de la (sous) Commission paritaire\u2026","rel":"","context":"Dans &quot;Infos G\u00e9n\u00e9rales&quot;","block_context":{"text":"Infos G\u00e9n\u00e9rales","link":"https:\/\/www.ovs-sic.be\/fr\/category\/algemeen\/"},"img":{"alt_text":"","src":"https:\/\/i0.wp.com\/www.ovs-sic.be\/fr\/wp-content\/uploads\/sites\/4\/2018\/04\/sv-e1522714042207.png?fit=692%2C363&ssl=1&resize=350%2C200","width":350,"height":200,"srcset":"https:\/\/i0.wp.com\/www.ovs-sic.be\/fr\/wp-content\/uploads\/sites\/4\/2018\/04\/sv-e1522714042207.png?fit=692%2C363&ssl=1&resize=350%2C200 1x, https:\/\/i0.wp.com\/www.ovs-sic.be\/fr\/wp-content\/uploads\/sites\/4\/2018\/04\/sv-e1522714042207.png?fit=692%2C363&ssl=1&resize=525%2C300 1.5x"},"classes":[]},{"id":1029,"url":"https:\/\/www.ovs-sic.be\/fr\/le-sic-exclu-des-debats-relatifs-au-corona\/","url_meta":{"origin":624,"position":2},"title":"LE SIC EXCLU DES DEBATS RELATIFS AU CORONA","author":"","date":"18 mai 2020","format":false,"excerpt":"Bruxelles, le 2 mai 2020 Objet : Coronavirus : Non-respect des organes de dialogue social relatifs au bien-\u00eatre au travail Monsieur le Directeur g\u00e9n\u00e9ral, Le 17\/03\/2020, les repr\u00e9sentants (employeur\/syndicats reconnus) si\u00e9geant au Comit\u00e9 de Pilotage ont d\u00e9cid\u00e9 de consid\u00e9rer celui-ci comme seul organe d\u00e9cisionnel dans le contexte de la crise\u2026","rel":"","context":"Dans &quot;Infos G\u00e9n\u00e9rales&quot;","block_context":{"text":"Infos G\u00e9n\u00e9rales","link":"https:\/\/www.ovs-sic.be\/fr\/category\/algemeen\/"},"img":{"alt_text":"","src":"https:\/\/i0.wp.com\/www.ovs-sic.be\/fr\/wp-content\/uploads\/sites\/4\/2020\/05\/CORONA.jpg?fit=348%2C215&ssl=1&resize=350%2C200","width":350,"height":200},"classes":[]},{"id":680,"url":"https:\/\/www.ovs-sic.be\/fr\/votez-1-elections-sociales\/","url_meta":{"origin":624,"position":3},"title":"Votez 1 &#8211; Elections Sociales","author":"Admin","date":"29 novembre 2018","format":false,"excerpt":"En modifiant la loi du 23 juillet 1926 relative \u00e0 la SNCB et au personnel des Chemins de fer belges, le l\u00e9gislateur a permis aux travailleurs du rail de d\u00e9signer leurs repr\u00e9sentants syndicaux au sein des commissions paritaires r\u00e9gionales, des comit\u00e9s d\u2019entreprise et des comit\u00e9s pour la pr\u00e9vention et la\u2026","rel":"","context":"Dans &quot;Infos G\u00e9n\u00e9rales&quot;","block_context":{"text":"Infos G\u00e9n\u00e9rales","link":"https:\/\/www.ovs-sic.be\/fr\/category\/algemeen\/"},"img":{"alt_text":"","src":"https:\/\/i0.wp.com\/www.ovs-sic.be\/fr\/wp-content\/uploads\/sites\/4\/2018\/11\/electionssociales.png?fit=1200%2C675&ssl=1&resize=350%2C200","width":350,"height":200,"srcset":"https:\/\/i0.wp.com\/www.ovs-sic.be\/fr\/wp-content\/uploads\/sites\/4\/2018\/11\/electionssociales.png?fit=1200%2C675&ssl=1&resize=350%2C200 1x, https:\/\/i0.wp.com\/www.ovs-sic.be\/fr\/wp-content\/uploads\/sites\/4\/2018\/11\/electionssociales.png?fit=1200%2C675&ssl=1&resize=525%2C300 1.5x, https:\/\/i0.wp.com\/www.ovs-sic.be\/fr\/wp-content\/uploads\/sites\/4\/2018\/11\/electionssociales.png?fit=1200%2C675&ssl=1&resize=700%2C400 2x, https:\/\/i0.wp.com\/www.ovs-sic.be\/fr\/wp-content\/uploads\/sites\/4\/2018\/11\/electionssociales.png?fit=1200%2C675&ssl=1&resize=1050%2C600 3x"},"classes":[]},{"id":757,"url":"https:\/\/www.ovs-sic.be\/fr\/%ef%bb%bfdebut-des-reunions-des-cppt\/","url_meta":{"origin":624,"position":4},"title":"\ufeffDEBUT DES REUNIONS DES CPPT","author":"Admin","date":"28 janvier 2019","format":false,"excerpt":"C\u2019est avec quelques mois d\u2019avance sur le calendrier pr\u00e9vu que les nouveaux Comit\u00e9s pour la Pr\u00e9vention et la Protection du Travail d\u00e9butent leurs travaux d\u00e8s ce mois de janvier. Pour la toute premi\u00e8re fois, ces comit\u00e9s seront compos\u00e9s d\u2019agents \u00e9lus par leurs coll\u00e8gues \u00e0 l\u2019issue des \u00e9lections sociales de d\u00e9cembre\u2026","rel":"","context":"Dans &quot;Infos G\u00e9n\u00e9rales&quot;","block_context":{"text":"Infos G\u00e9n\u00e9rales","link":"https:\/\/www.ovs-sic.be\/fr\/category\/algemeen\/"},"img":{"alt_text":"logo","src":"https:\/\/i0.wp.com\/www.ovs-sic.be\/fr\/wp-content\/uploads\/sites\/4\/2017\/10\/OVS-vernieuwdgroot.jpg?fit=1200%2C630&ssl=1&resize=350%2C200","width":350,"height":200,"srcset":"https:\/\/i0.wp.com\/www.ovs-sic.be\/fr\/wp-content\/uploads\/sites\/4\/2017\/10\/OVS-vernieuwdgroot.jpg?fit=1200%2C630&ssl=1&resize=350%2C200 1x, https:\/\/i0.wp.com\/www.ovs-sic.be\/fr\/wp-content\/uploads\/sites\/4\/2017\/10\/OVS-vernieuwdgroot.jpg?fit=1200%2C630&ssl=1&resize=525%2C300 1.5x, https:\/\/i0.wp.com\/www.ovs-sic.be\/fr\/wp-content\/uploads\/sites\/4\/2017\/10\/OVS-vernieuwdgroot.jpg?fit=1200%2C630&ssl=1&resize=700%2C400 2x, https:\/\/i0.wp.com\/www.ovs-sic.be\/fr\/wp-content\/uploads\/sites\/4\/2017\/10\/OVS-vernieuwdgroot.jpg?fit=1200%2C630&ssl=1&resize=1050%2C600 3x"},"classes":[]},{"id":197,"url":"https:\/\/www.ovs-sic.be\/fr\/le-sic-gagne-son-recours-en-annulation\/","url_meta":{"origin":624,"position":5},"title":"LE SIC GAGNE SON RECOURS EN ANNULATION","author":"Admin","date":"13 octobre 2017","format":false,"excerpt":"La Cour Constitutionnelle a rendu son jugement le 26 juillet et a confirm\u00e9 sa pr\u00e9c\u00e9dente d\u00e9cision de suspension (18 mai 2017) de l\u2019article 12 de la loi du 3 ao\u00fbt 2016 qui ins\u00e8re un article 114\/1 de la loi du 23 juillet 1926 relative \u00e0 la SNCB et au personnel\u2026","rel":"","context":"Dans &quot;Infos G\u00e9n\u00e9rales&quot;","block_context":{"text":"Infos G\u00e9n\u00e9rales","link":"https:\/\/www.ovs-sic.be\/fr\/category\/algemeen\/"},"img":{"alt_text":"","src":"https:\/\/i0.wp.com\/www.ovs-sic.be\/fr\/wp-content\/uploads\/sites\/4\/2017\/10\/COUR-CONSTIITUTIONNELLE-e1507846797207.png?fit=1000%2C465&ssl=1&resize=350%2C200","width":350,"height":200,"srcset":"https:\/\/i0.wp.com\/www.ovs-sic.be\/fr\/wp-content\/uploads\/sites\/4\/2017\/10\/COUR-CONSTIITUTIONNELLE-e1507846797207.png?fit=1000%2C465&ssl=1&resize=350%2C200 1x, https:\/\/i0.wp.com\/www.ovs-sic.be\/fr\/wp-content\/uploads\/sites\/4\/2017\/10\/COUR-CONSTIITUTIONNELLE-e1507846797207.png?fit=1000%2C465&ssl=1&resize=525%2C300 1.5x, https:\/\/i0.wp.com\/www.ovs-sic.be\/fr\/wp-content\/uploads\/sites\/4\/2017\/10\/COUR-CONSTIITUTIONNELLE-e1507846797207.png?fit=1000%2C465&ssl=1&resize=700%2C400 2x"},"classes":[]}],"_links":{"self":[{"href":"https:\/\/www.ovs-sic.be\/fr\/wp-json\/wp\/v2\/posts\/624","targetHints":{"allow":["GET"]}}],"collection":[{"href":"https:\/\/www.ovs-sic.be\/fr\/wp-json\/wp\/v2\/posts"}],"about":[{"href":"https:\/\/www.ovs-sic.be\/fr\/wp-json\/wp\/v2\/types\/post"}],"author":[{"embeddable":true,"href":"https:\/\/www.ovs-sic.be\/fr\/wp-json\/wp\/v2\/users\/1"}],"replies":[{"embeddable":true,"href":"https:\/\/www.ovs-sic.be\/fr\/wp-json\/wp\/v2\/comments?post=624"}],"version-history":[{"count":1,"href":"https:\/\/www.ovs-sic.be\/fr\/wp-json\/wp\/v2\/posts\/624\/revisions"}],"predecessor-version":[{"id":627,"href":"https:\/\/www.ovs-sic.be\/fr\/wp-json\/wp\/v2\/posts\/624\/revisions\/627"}],"wp:featuredmedia":[{"embeddable":true,"href":"https:\/\/www.ovs-sic.be\/fr\/wp-json\/wp\/v2\/media\/625"}],"wp:attachment":[{"href":"https:\/\/www.ovs-sic.be\/fr\/wp-json\/wp\/v2\/media?parent=624"}],"wp:term":[{"taxonomy":"category","embeddable":true,"href":"https:\/\/www.ovs-sic.be\/fr\/wp-json\/wp\/v2\/categories?post=624"},{"taxonomy":"post_tag","embeddable":true,"href":"https:\/\/www.ovs-sic.be\/fr\/wp-json\/wp\/v2\/tags?post=624"}],"curies":[{"name":"wp","href":"https:\/\/api.w.org\/{rel}","templated":true}]}}