{"id":595,"date":"2018-07-29T01:01:03","date_gmt":"2018-07-28T23:01:03","guid":{"rendered":"https:\/\/www.ovs-sic.be\/fr\/?p=595"},"modified":"2018-07-29T01:01:03","modified_gmt":"2018-07-28T23:01:03","slug":"securex-effectue-les-controles-medicaux-a-domicile","status":"publish","type":"post","link":"https:\/\/www.ovs-sic.be\/fr\/securex-effectue-les-controles-medicaux-a-domicile\/","title":{"rendered":"Securex effectue les contr\u00f4les m\u00e9dicaux \u00e0 domicile"},"content":{"rendered":"<p><img data-recalc-dims=\"1\" loading=\"lazy\" decoding=\"async\" data-attachment-id=\"596\" data-permalink=\"https:\/\/www.ovs-sic.be\/fr\/securex-effectue-les-controles-medicaux-a-domicile\/adobestock_135801497-300x200\/\" data-orig-file=\"https:\/\/i0.wp.com\/www.ovs-sic.be\/fr\/wp-content\/uploads\/sites\/4\/2018\/07\/AdobeStock_135801497-300x200.png?fit=300%2C200&amp;ssl=1\" data-orig-size=\"300,200\" data-comments-opened=\"1\" data-image-meta=\"{&quot;aperture&quot;:&quot;0&quot;,&quot;credit&quot;:&quot;&quot;,&quot;camera&quot;:&quot;&quot;,&quot;caption&quot;:&quot;&quot;,&quot;created_timestamp&quot;:&quot;0&quot;,&quot;copyright&quot;:&quot;&quot;,&quot;focal_length&quot;:&quot;0&quot;,&quot;iso&quot;:&quot;0&quot;,&quot;shutter_speed&quot;:&quot;0&quot;,&quot;title&quot;:&quot;&quot;,&quot;orientation&quot;:&quot;0&quot;}\" data-image-title=\"AdobeStock_135801497-300&#215;200\" data-image-description=\"\" data-image-caption=\"\" data-medium-file=\"https:\/\/i0.wp.com\/www.ovs-sic.be\/fr\/wp-content\/uploads\/sites\/4\/2018\/07\/AdobeStock_135801497-300x200.png?fit=300%2C200&amp;ssl=1\" data-large-file=\"https:\/\/i0.wp.com\/www.ovs-sic.be\/fr\/wp-content\/uploads\/sites\/4\/2018\/07\/AdobeStock_135801497-300x200.png?fit=300%2C200&amp;ssl=1\" class=\"size-full wp-image-596 alignleft\" src=\"https:\/\/i0.wp.com\/www.ovs-sic.be\/fr\/wp-content\/uploads\/sites\/4\/2018\/07\/AdobeStock_135801497-300x200.png?resize=300%2C200&#038;ssl=1\" alt=\"\" width=\"300\" height=\"200\" \/>Depuis le 9 juillet 2018, les contr\u00f4les m\u00e9dicaux \u00e0 domicile sont effectu\u00e9s par des m\u00e9decins de la firme Securex.<\/p>\n<hr \/>\n<p>Si vous \u00eates malade (ou victime d&rsquo;un accident priv\u00e9) et qu&rsquo;<strong>il <\/strong><span id=\"ms-rterangepaste-start\"><\/span><strong>vous est interdit de sortir<\/strong>, vous \u00eates susceptible de recevoir la visite d&rsquo;un m\u00e9decin-contr\u00f4le. Depuis le 9 juillet, ce sont des m\u00e9decins de la firme Securex, notre nouveau partenaire, qui se pr\u00e9senteront chez vous. Veillez \u00e0 ce que votre nom figure clairement sur la bo\u00eete aux lettres et \u00e0 rester joignable par t\u00e9l\u00e9phone.<\/p>\n<p><strong>Ce qui change<\/strong> :<\/p>\n<p>Si vous n&rsquo;\u00eates <strong>pas d&rsquo;accord avec la d\u00e9cision du m\u00e9decin-contr\u00f4le<\/strong> de Securex s&rsquo;\u00e9tant pr\u00e9sent\u00e9 chez vous, vous devrez faire appel \u00e0 un m\u00e9decin-arbitre qui d\u00e9cidera de la l\u00e9gitimit\u00e9 de votre incapacit\u00e9 de travail. Pour ce faire, le m\u00e9decin-c<span id=\"ms-rterangecursor-start\"><\/span><span id=\"ms-rterangecursor-end\"><\/span>ontr\u00f4le vous remettra un document rassemblant toutes les informations et coordonn\u00e9es n\u00e9cessaires. <strong>Vous ne pourrez d\u00e8s lors plus vous adresser au service m\u00e9dical de HR Rail<\/strong>.<\/p>\n<h2><span style=\"font-size: 12pt;\">Ce qui ne change pas : <\/span><\/h2>\n<p><span id=\"ms-rterangepaste-start\"><\/span>La proc\u00e9dure \u00e0 suivre en cas de maladie ne change pas.<\/p>\n<p>&nbsp;<\/p>\n","protected":false},"excerpt":{"rendered":"<p>Depuis le 9 juillet 2018, les contr\u00f4les m\u00e9dicaux \u00e0 domicile sont effectu\u00e9s par des m\u00e9decins de la firme Securex. Si vous \u00eates malade (ou victime d&rsquo;un accident priv\u00e9) et qu&rsquo;il &hellip; <\/p>\n","protected":false},"author":1,"featured_media":596,"comment_status":"open","ping_status":"open","sticky":false,"template":"","format":"standard","meta":{"jetpack_post_was_ever_published":false,"_jetpack_newsletter_access":"","_jetpack_dont_email_post_to_subs":false,"_jetpack_newsletter_tier_id":0,"_jetpack_memberships_contains_paywalled_content":false,"_jetpack_memberships_contains_paid_content":false,"footnotes":"","jetpack_publicize_message":"","jetpack_publicize_feature_enabled":true,"jetpack_social_post_already_shared":true,"jetpack_social_options":{"image_generator_settings":{"template":"highway","default_image_id":0,"font":"","enabled":false},"version":2}},"categories":[6],"tags":[],"class_list":["post-595","post","type-post","status-publish","format-standard","has-post-thumbnail","hentry","category-algemeen"],"jetpack_publicize_connections":[],"jetpack_featured_media_url":"https:\/\/i0.wp.com\/www.ovs-sic.be\/fr\/wp-content\/uploads\/sites\/4\/2018\/07\/AdobeStock_135801497-300x200.png?fit=300%2C200&ssl=1","jetpack_sharing_enabled":true,"jetpack_shortlink":"https:\/\/wp.me\/p9lyc6-9B","jetpack_likes_enabled":true,"jetpack-related-posts":[{"id":845,"url":"https:\/\/www.ovs-sic.be\/fr\/fin-des-controles-medicaux-dans-les-cmr-nouvelles-modifications-dans-les-procedures\/","url_meta":{"origin":595,"position":0},"title":"FIN DES CONTROLES MEDICAUX DANS LES CMR &#8211; NOUVELLES MODIFICATIONS DANS LES PROCEDURES","author":"","date":"10 avril 2019","format":false,"excerpt":"ANCIEN Depuis la mise en \u0153uvre de la nouvelle proc\u00e9dure, certaines personnes ont \u00e9t\u00e9 contr\u00f4l\u00e9es alors qu\u2019elles n\u2019auraient pas d\u00fb l\u2019\u00eatre. NOUVEAU Ceci \u00e9tait d\u00fb \u00e0 un probl\u00e8me dans le syst\u00e8me informatique. Il a entre-temps \u00e9t\u00e9 r\u00e9gl\u00e9.","rel":"","context":"Dans &quot;Infos G\u00e9n\u00e9rales&quot;","block_context":{"text":"Infos G\u00e9n\u00e9rales","link":"https:\/\/www.ovs-sic.be\/fr\/category\/algemeen\/"},"img":{"alt_text":"","src":"https:\/\/i0.wp.com\/www.ovs-sic.be\/fr\/wp-content\/uploads\/sites\/4\/2019\/04\/CMR.jpg?fit=1200%2C900&ssl=1&resize=350%2C200","width":350,"height":200,"srcset":"https:\/\/i0.wp.com\/www.ovs-sic.be\/fr\/wp-content\/uploads\/sites\/4\/2019\/04\/CMR.jpg?fit=1200%2C900&ssl=1&resize=350%2C200 1x, https:\/\/i0.wp.com\/www.ovs-sic.be\/fr\/wp-content\/uploads\/sites\/4\/2019\/04\/CMR.jpg?fit=1200%2C900&ssl=1&resize=525%2C300 1.5x, https:\/\/i0.wp.com\/www.ovs-sic.be\/fr\/wp-content\/uploads\/sites\/4\/2019\/04\/CMR.jpg?fit=1200%2C900&ssl=1&resize=700%2C400 2x, https:\/\/i0.wp.com\/www.ovs-sic.be\/fr\/wp-content\/uploads\/sites\/4\/2019\/04\/CMR.jpg?fit=1200%2C900&ssl=1&resize=1050%2C600 3x"},"classes":[]},{"id":716,"url":"https:\/\/www.ovs-sic.be\/fr\/716-2\/","url_meta":{"origin":595,"position":1},"title":"FERMETURE D\u00c9FINITIVE DES CENTRES M\u00c9DICAUX R\u00c9GIONAUX AU 01-01-2019","author":"","date":"26 d\u00e9cembre 2018","format":false,"excerpt":"01-01-2019\u00a0: \u00a0FIN DES CONTROLES DANS LES CENTRES MEDICAUX A partir du 1er janvier 2019, la r\u00e9glementation autour des contr\u00f4les m\u00e9dicaux change. En cas d\u2019incapacit\u00e9 de travail pour cause de maladie ou d\u2019accident de la vie priv\u00e9e, de nouvelles facilit\u00e9s s\u2019offrent vous, dont des contr\u00f4les m\u00e9dicaux moins nombreux, plus cibl\u00e9s et\u2026","rel":"","context":"Dans &quot;Infos HR-Rail&quot;","block_context":{"text":"Infos HR-Rail","link":"https:\/\/www.ovs-sic.be\/fr\/category\/hrrail\/"},"img":{"alt_text":"","src":"https:\/\/i0.wp.com\/www.ovs-sic.be\/fr\/wp-content\/uploads\/sites\/4\/2018\/07\/AdobeStock_135801497-300x200.png?fit=300%2C200&ssl=1&resize=350%2C200","width":350,"height":200},"classes":[]},{"id":602,"url":"https:\/\/www.ovs-sic.be\/fr\/accidents-du-travail-sur-le-chemin-du-travail-du-nouveau-a-partir-du-1-07-pour-les-statutaires\/","url_meta":{"origin":595,"position":2},"title":"Accidents du travail (sur le chemin du travail) : du nouveau \u00e0 partir du 1\/07 pour les statutaires","author":"Admin","date":"29 juillet 2018","format":false,"excerpt":"D\u00e8s le 1er juillet, les collaborateurs statutaires victimes d'un accident du travail ou sur le chemin du travail pourront se faire soigner par le m\u00e9decin ou l'h\u00f4pital de leur choix.\u00a0 Le service m\u00e9dical de HR Rail pour les accidents du travail assurera quant \u00e0 lui le contr\u00f4le de l'incapacit\u00e9 de\u2026","rel":"","context":"Dans &quot;Infos G\u00e9n\u00e9rales&quot;","block_context":{"text":"Infos G\u00e9n\u00e9rales","link":"https:\/\/www.ovs-sic.be\/fr\/category\/algemeen\/"},"img":{"alt_text":"","src":"https:\/\/i0.wp.com\/www.ovs-sic.be\/fr\/wp-content\/uploads\/sites\/4\/2018\/07\/shoe-fall-foot-reptile-yellow-peel-1078216-pxhere.com_.jpg?fit=1200%2C800&ssl=1&resize=350%2C200","width":350,"height":200,"srcset":"https:\/\/i0.wp.com\/www.ovs-sic.be\/fr\/wp-content\/uploads\/sites\/4\/2018\/07\/shoe-fall-foot-reptile-yellow-peel-1078216-pxhere.com_.jpg?fit=1200%2C800&ssl=1&resize=350%2C200 1x, https:\/\/i0.wp.com\/www.ovs-sic.be\/fr\/wp-content\/uploads\/sites\/4\/2018\/07\/shoe-fall-foot-reptile-yellow-peel-1078216-pxhere.com_.jpg?fit=1200%2C800&ssl=1&resize=525%2C300 1.5x, https:\/\/i0.wp.com\/www.ovs-sic.be\/fr\/wp-content\/uploads\/sites\/4\/2018\/07\/shoe-fall-foot-reptile-yellow-peel-1078216-pxhere.com_.jpg?fit=1200%2C800&ssl=1&resize=700%2C400 2x, https:\/\/i0.wp.com\/www.ovs-sic.be\/fr\/wp-content\/uploads\/sites\/4\/2018\/07\/shoe-fall-foot-reptile-yellow-peel-1078216-pxhere.com_.jpg?fit=1200%2C800&ssl=1&resize=1050%2C600 3x"},"classes":[]},{"id":966,"url":"https:\/\/www.ovs-sic.be\/fr\/nouvelle-procedure-darbitrage-controles-medicaux-rgps-fasc571\/","url_meta":{"origin":595,"position":3},"title":"NOUVELLE PROCEDURE D&rsquo;ARBITRAGE (contr\u00f4les medicaux-RGPS FASC 571)","author":"","date":"30 d\u00e9cembre 2019","format":false,"excerpt":"Le m\u00e9decin-contr\u00f4leur peut estimer que le membre du personnel sera apte \u00e0 reprendre le travail \u00e0 une date fix\u00e9e par lui. Le membre du personnel reprend par cons\u00e9quent le service \u00e0 la date indiqu\u00e9e par le m\u00e9decin-contr\u00f4leur, \u00e0 moins que la proc\u00e9dure d'arbitrage soit suivie. \u00a0 Si le m\u00e9decin-contr\u00f4leur demande\u2026","rel":"","context":"Dans &quot;Infos G\u00e9n\u00e9rales&quot;","block_context":{"text":"Infos G\u00e9n\u00e9rales","link":"https:\/\/www.ovs-sic.be\/fr\/category\/algemeen\/"},"img":{"alt_text":"","src":"https:\/\/i0.wp.com\/www.ovs-sic.be\/fr\/wp-content\/uploads\/sites\/4\/2019\/12\/IMG_20191230_151153_resized_20191230_031527173.jpg?fit=1200%2C900&ssl=1&resize=350%2C200","width":350,"height":200,"srcset":"https:\/\/i0.wp.com\/www.ovs-sic.be\/fr\/wp-content\/uploads\/sites\/4\/2019\/12\/IMG_20191230_151153_resized_20191230_031527173.jpg?fit=1200%2C900&ssl=1&resize=350%2C200 1x, https:\/\/i0.wp.com\/www.ovs-sic.be\/fr\/wp-content\/uploads\/sites\/4\/2019\/12\/IMG_20191230_151153_resized_20191230_031527173.jpg?fit=1200%2C900&ssl=1&resize=525%2C300 1.5x, https:\/\/i0.wp.com\/www.ovs-sic.be\/fr\/wp-content\/uploads\/sites\/4\/2019\/12\/IMG_20191230_151153_resized_20191230_031527173.jpg?fit=1200%2C900&ssl=1&resize=700%2C400 2x, https:\/\/i0.wp.com\/www.ovs-sic.be\/fr\/wp-content\/uploads\/sites\/4\/2019\/12\/IMG_20191230_151153_resized_20191230_031527173.jpg?fit=1200%2C900&ssl=1&resize=1050%2C600 3x"},"classes":[]},{"id":821,"url":"https:\/\/www.ovs-sic.be\/fr\/nouvelle-organisation-des-centres-medicaux-envoyez-votre-certificat-medical-a111-a-la-bonne-adresse\/","url_meta":{"origin":595,"position":4},"title":"NOUVELLE ORGANISATION DES CENTRES MEDICAUX : ENVOYEZ VOTRE CERTIFICAT MEDICAL (A111) A LA BONNE ADRESSE!","author":"","date":"9 avril 2019","format":false,"excerpt":"Health4Rail adapte le mode de fonctionnement de ses health centres \u00e0 partir de ce 15 avril. De ce fait, les adresses postales ainsi que celles des boites mail fonctionnelles o\u00f9 vous pouvez envoyer vos certificats d\u2019incapacit\u00e9 de travail sont modifi\u00e9es. D\u00e9sormais, envoyez vos certificats m\u00e9dicaux d\u2019incapacit\u00e9 de travail (formulaire A111)\u2026","rel":"","context":"Dans &quot;Infos G\u00e9n\u00e9rales&quot;","block_context":{"text":"Infos G\u00e9n\u00e9rales","link":"https:\/\/www.ovs-sic.be\/fr\/category\/algemeen\/"},"img":{"alt_text":"","src":"https:\/\/i0.wp.com\/www.ovs-sic.be\/fr\/wp-content\/uploads\/sites\/4\/2019\/04\/Nouvel-A111.jpg?fit=900%2C1200&ssl=1&resize=350%2C200","width":350,"height":200,"srcset":"https:\/\/i0.wp.com\/www.ovs-sic.be\/fr\/wp-content\/uploads\/sites\/4\/2019\/04\/Nouvel-A111.jpg?fit=900%2C1200&ssl=1&resize=350%2C200 1x, https:\/\/i0.wp.com\/www.ovs-sic.be\/fr\/wp-content\/uploads\/sites\/4\/2019\/04\/Nouvel-A111.jpg?fit=900%2C1200&ssl=1&resize=525%2C300 1.5x, https:\/\/i0.wp.com\/www.ovs-sic.be\/fr\/wp-content\/uploads\/sites\/4\/2019\/04\/Nouvel-A111.jpg?fit=900%2C1200&ssl=1&resize=700%2C400 2x"},"classes":[]},{"id":1004,"url":"https:\/\/www.ovs-sic.be\/fr\/directives-pour-accident-de-travail-ou-sur-le-chemin-du-travail\/","url_meta":{"origin":595,"position":5},"title":"DIRECTIVES POUR ACCIDENT DE TRAVAIL OU SUR LE CHEMIN DU TRAVAIL","author":"","date":"17 f\u00e9vrier 2020","format":false,"excerpt":"D'abord, que consid\u00e8re-t-on comme un accident du travail ou sur le chemin du travail ? Un accident du travail est un \u00e9v\u00e8nement soudain survenant dans le cours de l'ex\u00e9cution du service et par le fait de cette m\u00eame ex\u00e9cution, qui provoque une l\u00e9sion (physique ou psychique). Un accident sur le\u2026","rel":"","context":"Dans &quot;Infos G\u00e9n\u00e9rales&quot;","block_context":{"text":"Infos G\u00e9n\u00e9rales","link":"https:\/\/www.ovs-sic.be\/fr\/category\/algemeen\/"},"img":{"alt_text":"","src":"https:\/\/i0.wp.com\/www.ovs-sic.be\/fr\/wp-content\/uploads\/sites\/4\/2020\/02\/th7JANZ0SR.jpg?fit=450%2C300&ssl=1&resize=350%2C200","width":350,"height":200},"classes":[]}],"_links":{"self":[{"href":"https:\/\/www.ovs-sic.be\/fr\/wp-json\/wp\/v2\/posts\/595","targetHints":{"allow":["GET"]}}],"collection":[{"href":"https:\/\/www.ovs-sic.be\/fr\/wp-json\/wp\/v2\/posts"}],"about":[{"href":"https:\/\/www.ovs-sic.be\/fr\/wp-json\/wp\/v2\/types\/post"}],"author":[{"embeddable":true,"href":"https:\/\/www.ovs-sic.be\/fr\/wp-json\/wp\/v2\/users\/1"}],"replies":[{"embeddable":true,"href":"https:\/\/www.ovs-sic.be\/fr\/wp-json\/wp\/v2\/comments?post=595"}],"version-history":[{"count":1,"href":"https:\/\/www.ovs-sic.be\/fr\/wp-json\/wp\/v2\/posts\/595\/revisions"}],"predecessor-version":[{"id":597,"href":"https:\/\/www.ovs-sic.be\/fr\/wp-json\/wp\/v2\/posts\/595\/revisions\/597"}],"wp:featuredmedia":[{"embeddable":true,"href":"https:\/\/www.ovs-sic.be\/fr\/wp-json\/wp\/v2\/media\/596"}],"wp:attachment":[{"href":"https:\/\/www.ovs-sic.be\/fr\/wp-json\/wp\/v2\/media?parent=595"}],"wp:term":[{"taxonomy":"category","embeddable":true,"href":"https:\/\/www.ovs-sic.be\/fr\/wp-json\/wp\/v2\/categories?post=595"},{"taxonomy":"post_tag","embeddable":true,"href":"https:\/\/www.ovs-sic.be\/fr\/wp-json\/wp\/v2\/tags?post=595"}],"curies":[{"name":"wp","href":"https:\/\/api.w.org\/{rel}","templated":true}]}}