{"id":535,"date":"2018-04-14T12:41:47","date_gmt":"2018-04-14T10:41:47","guid":{"rendered":"https:\/\/www.ovs-sic.be\/fr\/?p=535"},"modified":"2018-04-14T12:41:47","modified_gmt":"2018-04-14T10:41:47","slug":"agents-info-trafic-centralisation-des-sieges-de-travail","status":"publish","type":"post","link":"https:\/\/www.ovs-sic.be\/fr\/agents-info-trafic-centralisation-des-sieges-de-travail\/","title":{"rendered":"AGENTS INFO TRAFIC &#8211; CENTRALISATION DES SIEGES DE TRAVAIL"},"content":{"rendered":"<p>Ci-dessous vous trouverez les copies de notre intervention ainsi que\u00a0la r\u00e9ponse de la direction B-TR.5<\/p>\n<a href=\"https:\/\/www.ovs-sic.be\/fr\/wp-content\/uploads\/sites\/4\/2018\/04\/Michel-Grote-70-18-LM-13032018.pdf\" class=\"pdfemb-viewer\" style=\"\" data-width=\"max\" data-height=\"max\" data-toolbar=\"bottom\" data-toolbar-fixed=\"off\">Michel Grote 70 18 LM 13032018<\/a>\n<a href=\"https:\/\/www.ovs-sic.be\/fr\/wp-content\/uploads\/sites\/4\/2018\/04\/RS-GROTE-70-2018-LM-13032018.pdf\" class=\"pdfemb-viewer\" style=\"\" data-width=\"max\" data-height=\"max\" data-toolbar=\"bottom\" data-toolbar-fixed=\"off\">RS GROTE 70 2018 LM 13032018<\/a>\n","protected":false},"excerpt":{"rendered":"<p>Ci-dessous vous trouverez les copies de notre intervention ainsi que\u00a0la r\u00e9ponse de la direction B-TR.5<\/p>\n","protected":false},"author":2,"featured_media":0,"comment_status":"open","ping_status":"open","sticky":false,"template":"","format":"standard","meta":{"jetpack_post_was_ever_published":false,"_jetpack_newsletter_access":"","_jetpack_dont_email_post_to_subs":false,"_jetpack_newsletter_tier_id":0,"_jetpack_memberships_contains_paywalled_content":false,"_jetpack_memberships_contains_paid_content":false,"footnotes":"","jetpack_publicize_message":"","jetpack_publicize_feature_enabled":true,"jetpack_social_post_already_shared":true,"jetpack_social_options":{"image_generator_settings":{"template":"highway","default_image_id":0,"font":"","enabled":false},"version":2}},"categories":[6],"tags":[],"class_list":["post-535","post","type-post","status-publish","format-standard","hentry","category-algemeen"],"jetpack_publicize_connections":[],"jetpack_featured_media_url":"","jetpack_sharing_enabled":true,"jetpack_shortlink":"https:\/\/wp.me\/p9lyc6-8D","jetpack_likes_enabled":true,"jetpack-related-posts":[{"id":244,"url":"https:\/\/www.ovs-sic.be\/fr\/vision-strategique-de-la-sncb-presentee-par-la-ceo-mme-dutordoirdevant-la-commission-infrastructure-de-la-chambre-le-18-10-2017\/","url_meta":{"origin":535,"position":0},"title":"VISION STRATEGIQUE DE LA SNCB PRESENTEE PAR LA CEO MME DUTORDOIR DEVANT LA COMMISSION INFRASTRUCTURE DE LA CHAMBRE LE 18-10-2017","author":"","date":"21 octobre 2017","format":false,"excerpt":"","rel":"","context":"Dans &quot;Infos SNCB&quot;","block_context":{"text":"Infos SNCB","link":"https:\/\/www.ovs-sic.be\/fr\/category\/sncb\/"},"img":{"alt_text":"","src":"https:\/\/i0.wp.com\/www.ovs-sic.be\/fr\/wp-content\/uploads\/sites\/4\/2017\/10\/1.jpg?fit=1200%2C675&ssl=1&resize=350%2C200","width":350,"height":200,"srcset":"https:\/\/i0.wp.com\/www.ovs-sic.be\/fr\/wp-content\/uploads\/sites\/4\/2017\/10\/1.jpg?fit=1200%2C675&ssl=1&resize=350%2C200 1x, https:\/\/i0.wp.com\/www.ovs-sic.be\/fr\/wp-content\/uploads\/sites\/4\/2017\/10\/1.jpg?fit=1200%2C675&ssl=1&resize=525%2C300 1.5x, https:\/\/i0.wp.com\/www.ovs-sic.be\/fr\/wp-content\/uploads\/sites\/4\/2017\/10\/1.jpg?fit=1200%2C675&ssl=1&resize=700%2C400 2x, https:\/\/i0.wp.com\/www.ovs-sic.be\/fr\/wp-content\/uploads\/sites\/4\/2017\/10\/1.jpg?fit=1200%2C675&ssl=1&resize=1050%2C600 3x"},"classes":[]},{"id":571,"url":"https:\/\/www.ovs-sic.be\/fr\/avis-syndical-i-tms\/","url_meta":{"origin":535,"position":1},"title":"Avis Syndical I-TMS","author":"Admin","date":"6 juin 2018","format":false,"excerpt":"T\u00e9l\u00e9charger l'avis syndical ici \u00a0","rel":"","context":"Dans &quot;Infos Infrabel&quot;","block_context":{"text":"Infos Infrabel","link":"https:\/\/www.ovs-sic.be\/fr\/category\/infrabel\/"},"img":{"alt_text":"","src":"https:\/\/i0.wp.com\/www.ovs-sic.be\/fr\/wp-content\/uploads\/sites\/4\/2018\/01\/OVS-vernieuwdgroot.jpg?fit=348%2C215&ssl=1&resize=350%2C200","width":350,"height":200},"classes":[]},{"id":900,"url":"https:\/\/www.ovs-sic.be\/fr\/900-2\/","url_meta":{"origin":535,"position":2},"title":"NOUS AVONS CHOISI UN METIER\u2026","author":"","date":"19 juillet 2019","format":false,"excerpt":"NOUS AVONS CHOISI UN METIER A HORAIRES DECALES ET NOUS EN SOMMES CONSCIENTST\u00e9l\u00e9charger","rel":"","context":"Dans &quot;Infos G\u00e9n\u00e9rales&quot;","block_context":{"text":"Infos G\u00e9n\u00e9rales","link":"https:\/\/www.ovs-sic.be\/fr\/category\/algemeen\/"},"img":{"alt_text":"","src":"","width":0,"height":0},"classes":[]},{"id":583,"url":"https:\/\/www.ovs-sic.be\/fr\/plainte-hr-rail-emplois-contractuels-itms\/","url_meta":{"origin":535,"position":3},"title":"PLAINTE HR-RAIL &#8211; EMPLOIS CONTRACTUELS ITMS","author":"","date":"30 juin 2018","format":false,"excerpt":"","rel":"","context":"Dans &quot;Infos G\u00e9n\u00e9rales&quot;","block_context":{"text":"Infos G\u00e9n\u00e9rales","link":"https:\/\/www.ovs-sic.be\/fr\/category\/algemeen\/"},"img":{"alt_text":"","src":"","width":0,"height":0},"classes":[]},{"id":284,"url":"https:\/\/www.ovs-sic.be\/fr\/tableau-des-revenus-maximums-autorises-pour-travailler-lorsquon-est-pensionne\/","url_meta":{"origin":535,"position":4},"title":"TABLEAU DES REVENUS MAXIMUMS AUTORISES POUR TRAVAILLER LORSQU&rsquo;ON EST PENSIONNE","author":"","date":"24 octobre 2017","format":false,"excerpt":"\u00a0","rel":"","context":"Dans &quot;PENSIONNES&quot;","block_context":{"text":"PENSIONNES","link":"https:\/\/www.ovs-sic.be\/fr\/category\/pensionnes\/"},"img":{"alt_text":"","src":"https:\/\/i0.wp.com\/www.ovs-sic.be\/fr\/wp-content\/uploads\/sites\/4\/2017\/10\/Tabble-pension.jpg?fit=1200%2C544&ssl=1&resize=350%2C200","width":350,"height":200,"srcset":"https:\/\/i0.wp.com\/www.ovs-sic.be\/fr\/wp-content\/uploads\/sites\/4\/2017\/10\/Tabble-pension.jpg?fit=1200%2C544&ssl=1&resize=350%2C200 1x, https:\/\/i0.wp.com\/www.ovs-sic.be\/fr\/wp-content\/uploads\/sites\/4\/2017\/10\/Tabble-pension.jpg?fit=1200%2C544&ssl=1&resize=525%2C300 1.5x, https:\/\/i0.wp.com\/www.ovs-sic.be\/fr\/wp-content\/uploads\/sites\/4\/2017\/10\/Tabble-pension.jpg?fit=1200%2C544&ssl=1&resize=700%2C400 2x, https:\/\/i0.wp.com\/www.ovs-sic.be\/fr\/wp-content\/uploads\/sites\/4\/2017\/10\/Tabble-pension.jpg?fit=1200%2C544&ssl=1&resize=1050%2C600 3x"},"classes":[]},{"id":680,"url":"https:\/\/www.ovs-sic.be\/fr\/votez-1-elections-sociales\/","url_meta":{"origin":535,"position":5},"title":"Votez 1 &#8211; Elections Sociales","author":"Admin","date":"29 novembre 2018","format":false,"excerpt":"En modifiant la loi du 23 juillet 1926 relative \u00e0 la SNCB et au personnel des Chemins de fer belges, le l\u00e9gislateur a permis aux travailleurs du rail de d\u00e9signer leurs repr\u00e9sentants syndicaux au sein des commissions paritaires r\u00e9gionales, des comit\u00e9s d\u2019entreprise et des comit\u00e9s pour la pr\u00e9vention et la\u2026","rel":"","context":"Dans &quot;Infos G\u00e9n\u00e9rales&quot;","block_context":{"text":"Infos G\u00e9n\u00e9rales","link":"https:\/\/www.ovs-sic.be\/fr\/category\/algemeen\/"},"img":{"alt_text":"","src":"https:\/\/i0.wp.com\/www.ovs-sic.be\/fr\/wp-content\/uploads\/sites\/4\/2018\/11\/electionssociales.png?fit=1200%2C675&ssl=1&resize=350%2C200","width":350,"height":200,"srcset":"https:\/\/i0.wp.com\/www.ovs-sic.be\/fr\/wp-content\/uploads\/sites\/4\/2018\/11\/electionssociales.png?fit=1200%2C675&ssl=1&resize=350%2C200 1x, https:\/\/i0.wp.com\/www.ovs-sic.be\/fr\/wp-content\/uploads\/sites\/4\/2018\/11\/electionssociales.png?fit=1200%2C675&ssl=1&resize=525%2C300 1.5x, https:\/\/i0.wp.com\/www.ovs-sic.be\/fr\/wp-content\/uploads\/sites\/4\/2018\/11\/electionssociales.png?fit=1200%2C675&ssl=1&resize=700%2C400 2x, https:\/\/i0.wp.com\/www.ovs-sic.be\/fr\/wp-content\/uploads\/sites\/4\/2018\/11\/electionssociales.png?fit=1200%2C675&ssl=1&resize=1050%2C600 3x"},"classes":[]}],"_links":{"self":[{"href":"https:\/\/www.ovs-sic.be\/fr\/wp-json\/wp\/v2\/posts\/535","targetHints":{"allow":["GET"]}}],"collection":[{"href":"https:\/\/www.ovs-sic.be\/fr\/wp-json\/wp\/v2\/posts"}],"about":[{"href":"https:\/\/www.ovs-sic.be\/fr\/wp-json\/wp\/v2\/types\/post"}],"author":[{"embeddable":true,"href":"https:\/\/www.ovs-sic.be\/fr\/wp-json\/wp\/v2\/users\/2"}],"replies":[{"embeddable":true,"href":"https:\/\/www.ovs-sic.be\/fr\/wp-json\/wp\/v2\/comments?post=535"}],"version-history":[{"count":1,"href":"https:\/\/www.ovs-sic.be\/fr\/wp-json\/wp\/v2\/posts\/535\/revisions"}],"predecessor-version":[{"id":536,"href":"https:\/\/www.ovs-sic.be\/fr\/wp-json\/wp\/v2\/posts\/535\/revisions\/536"}],"wp:attachment":[{"href":"https:\/\/www.ovs-sic.be\/fr\/wp-json\/wp\/v2\/media?parent=535"}],"wp:term":[{"taxonomy":"category","embeddable":true,"href":"https:\/\/www.ovs-sic.be\/fr\/wp-json\/wp\/v2\/categories?post=535"},{"taxonomy":"post_tag","embeddable":true,"href":"https:\/\/www.ovs-sic.be\/fr\/wp-json\/wp\/v2\/tags?post=535"}],"curies":[{"name":"wp","href":"https:\/\/api.w.org\/{rel}","templated":true}]}}