{"id":531,"date":"2018-04-14T12:36:41","date_gmt":"2018-04-14T10:36:41","guid":{"rendered":"https:\/\/www.ovs-sic.be\/fr\/?p=531"},"modified":"2018-04-14T12:47:03","modified_gmt":"2018-04-14T10:47:03","slug":"accompagnatteurs-de-train-neutralisation-sur-poste","status":"publish","type":"post","link":"https:\/\/www.ovs-sic.be\/fr\/accompagnatteurs-de-train-neutralisation-sur-poste\/","title":{"rendered":"ACCOMPAGNATTEURS DE TRAIN &#8211; NEUTRALISATION SUR POSTE"},"content":{"rendered":"<p><img data-recalc-dims=\"1\" loading=\"lazy\" decoding=\"async\" data-attachment-id=\"537\" data-permalink=\"https:\/\/www.ovs-sic.be\/fr\/accompagnatteurs-de-train-neutralisation-sur-poste\/dsc05640-1\/\" data-orig-file=\"https:\/\/i0.wp.com\/www.ovs-sic.be\/fr\/wp-content\/uploads\/sites\/4\/2018\/04\/DSC05640.1.jpg?fit=2485%2C2598&amp;ssl=1\" data-orig-size=\"2485,2598\" data-comments-opened=\"1\" data-image-meta=\"{&quot;aperture&quot;:&quot;0&quot;,&quot;credit&quot;:&quot;&quot;,&quot;camera&quot;:&quot;&quot;,&quot;caption&quot;:&quot;&quot;,&quot;created_timestamp&quot;:&quot;0&quot;,&quot;copyright&quot;:&quot;&quot;,&quot;focal_length&quot;:&quot;0&quot;,&quot;iso&quot;:&quot;0&quot;,&quot;shutter_speed&quot;:&quot;0&quot;,&quot;title&quot;:&quot;&quot;,&quot;orientation&quot;:&quot;0&quot;}\" data-image-title=\"DSC05640.1\" data-image-description=\"\" data-image-caption=\"\" data-medium-file=\"https:\/\/i0.wp.com\/www.ovs-sic.be\/fr\/wp-content\/uploads\/sites\/4\/2018\/04\/DSC05640.1.jpg?fit=287%2C300&amp;ssl=1\" data-large-file=\"https:\/\/i0.wp.com\/www.ovs-sic.be\/fr\/wp-content\/uploads\/sites\/4\/2018\/04\/DSC05640.1.jpg?fit=735%2C769&amp;ssl=1\" class=\"alignnone size-medium wp-image-537 alignleft\" src=\"https:\/\/i0.wp.com\/www.ovs-sic.be\/fr\/wp-content\/uploads\/sites\/4\/2018\/04\/DSC05640.1.jpg?resize=287%2C300&#038;ssl=1\" alt=\"\" width=\"287\" height=\"300\" srcset=\"https:\/\/i0.wp.com\/www.ovs-sic.be\/fr\/wp-content\/uploads\/sites\/4\/2018\/04\/DSC05640.1.jpg?resize=287%2C300&amp;ssl=1 287w, https:\/\/i0.wp.com\/www.ovs-sic.be\/fr\/wp-content\/uploads\/sites\/4\/2018\/04\/DSC05640.1.jpg?resize=768%2C803&amp;ssl=1 768w, https:\/\/i0.wp.com\/www.ovs-sic.be\/fr\/wp-content\/uploads\/sites\/4\/2018\/04\/DSC05640.1.jpg?resize=979%2C1024&amp;ssl=1 979w, https:\/\/i0.wp.com\/www.ovs-sic.be\/fr\/wp-content\/uploads\/sites\/4\/2018\/04\/DSC05640.1.jpg?resize=1320%2C1380&amp;ssl=1 1320w, https:\/\/i0.wp.com\/www.ovs-sic.be\/fr\/wp-content\/uploads\/sites\/4\/2018\/04\/DSC05640.1.jpg?w=1470&amp;ssl=1 1470w, https:\/\/i0.wp.com\/www.ovs-sic.be\/fr\/wp-content\/uploads\/sites\/4\/2018\/04\/DSC05640.1.jpg?w=2205&amp;ssl=1 2205w\" sizes=\"auto, (max-width: 287px) 100vw, 287px\" \/>Nous sommes intervenus aupr\u00e8s du directeur g\u00e9n\u00e9ral HR-RAIL afin de d\u00e9noncer le syst\u00e8me d\u2019embauche des accompagnateurs des trains en ce qui concerne la d\u00e9signation de leur premier si\u00e8ge de travail.<\/p>\n<p>Ci-dessous vous trouverez la copie de notre intervention ainsi que la r\u00e9ponse du Directeur HR-Rail<\/p>\n<p>NDLR : le Directeur g\u00e9n\u00e9ral n\u2019apporte aucune r\u00e9ponse \u00e0 notre intervention et maintient ainsi un syst\u00e8me injuste qui provoque de la frustration et de la d\u00e9motivation pour les accompagnateurs nouvellement recrut\u00e9s.<\/p>\n<a href=\"https:\/\/www.ovs-sic.be\/fr\/wp-content\/uploads\/sites\/4\/2018\/04\/DG-HR-RAIL-67-2018-LM-06032018.pdf\" class=\"pdfemb-viewer\" style=\"\" data-width=\"max\" data-height=\"max\" data-toolbar=\"bottom\" data-toolbar-fixed=\"off\">DG HR RAIL 67-2018 LM 06032018<\/a>\n<a href=\"https:\/\/www.ovs-sic.be\/fr\/wp-content\/uploads\/sites\/4\/2018\/04\/RS-HR-RAIL-ACT-67-2018-LM-06032018.pdf\" class=\"pdfemb-viewer\" style=\"\" data-width=\"max\" data-height=\"max\" data-toolbar=\"bottom\" data-toolbar-fixed=\"off\">RS HR RAIL ACT 67 2018 LM 06032018<\/a>\n","protected":false},"excerpt":{"rendered":"<p>Nous sommes intervenus aupr\u00e8s du directeur g\u00e9n\u00e9ral HR-RAIL afin de d\u00e9noncer le syst\u00e8me d\u2019embauche des accompagnateurs des trains en ce qui concerne la d\u00e9signation de leur premier si\u00e8ge de travail. &hellip; <\/p>\n","protected":false},"author":2,"featured_media":537,"comment_status":"open","ping_status":"open","sticky":false,"template":"","format":"standard","meta":{"jetpack_post_was_ever_published":false,"_jetpack_newsletter_access":"","_jetpack_dont_email_post_to_subs":false,"_jetpack_newsletter_tier_id":0,"_jetpack_memberships_contains_paywalled_content":false,"_jetpack_memberships_contains_paid_content":false,"footnotes":"","jetpack_publicize_message":"","jetpack_publicize_feature_enabled":true,"jetpack_social_post_already_shared":true,"jetpack_social_options":{"image_generator_settings":{"template":"highway","default_image_id":0,"font":"","enabled":false},"version":2}},"categories":[6,9],"tags":[],"class_list":["post-531","post","type-post","status-publish","format-standard","has-post-thumbnail","hentry","category-algemeen","category-sncb"],"jetpack_publicize_connections":[],"jetpack_featured_media_url":"https:\/\/i0.wp.com\/www.ovs-sic.be\/fr\/wp-content\/uploads\/sites\/4\/2018\/04\/DSC05640.1.jpg?fit=2485%2C2598&ssl=1","jetpack_sharing_enabled":true,"jetpack_shortlink":"https:\/\/wp.me\/p9lyc6-8z","jetpack_likes_enabled":true,"jetpack-related-posts":[{"id":885,"url":"https:\/\/www.ovs-sic.be\/fr\/reunion-de-conciliation-sic-hr-rail-le-11-juillet-2019\/","url_meta":{"origin":531,"position":0},"title":"REUNION DE CONCILIATION SIC \u2013 HR-RAIL LE 11 JUILLET 2019","author":"","date":"12 juillet 2019","format":false,"excerpt":"Dans le cadre du manque de personnel dans la fili\u00e8re accompagnement des trains, le SIC avait activ\u00e9 la proc\u00e9dure d\u2019alarme, conform\u00e9ment au RGPS, fascicule 548. Le DG HR-Rail, Paul Hautekiet avait convi\u00e9 hier les repr\u00e9sentants de notre organisation \u00e0 une r\u00e9union de concertation. Les trois mandat\u00e9s du SIC faisaient face\u2026","rel":"","context":"Dans &quot;Infos G\u00e9n\u00e9rales&quot;","block_context":{"text":"Infos G\u00e9n\u00e9rales","link":"https:\/\/www.ovs-sic.be\/fr\/category\/algemeen\/"},"img":{"alt_text":"","src":"https:\/\/i0.wp.com\/www.ovs-sic.be\/fr\/wp-content\/uploads\/sites\/4\/2019\/07\/IMG_20190712_143335.jpg?fit=1140%2C666&ssl=1&resize=350%2C200","width":350,"height":200,"srcset":"https:\/\/i0.wp.com\/www.ovs-sic.be\/fr\/wp-content\/uploads\/sites\/4\/2019\/07\/IMG_20190712_143335.jpg?fit=1140%2C666&ssl=1&resize=350%2C200 1x, https:\/\/i0.wp.com\/www.ovs-sic.be\/fr\/wp-content\/uploads\/sites\/4\/2019\/07\/IMG_20190712_143335.jpg?fit=1140%2C666&ssl=1&resize=525%2C300 1.5x, https:\/\/i0.wp.com\/www.ovs-sic.be\/fr\/wp-content\/uploads\/sites\/4\/2019\/07\/IMG_20190712_143335.jpg?fit=1140%2C666&ssl=1&resize=700%2C400 2x, https:\/\/i0.wp.com\/www.ovs-sic.be\/fr\/wp-content\/uploads\/sites\/4\/2019\/07\/IMG_20190712_143335.jpg?fit=1140%2C666&ssl=1&resize=1050%2C600 3x"},"classes":[]},{"id":456,"url":"https:\/\/www.ovs-sic.be\/fr\/intervention-lettre-a-hautekiet\/","url_meta":{"origin":531,"position":1},"title":"UPDATE! Intervention : lettre \u00e0\u00a0Monsieur Hautekiet, Directeur g\u00e9n\u00e9ral HR RAIL","author":"Admin","date":"27 d\u00e9cembre 2017","format":false,"excerpt":"R\u00e9action de la direction HR-RAIL Suite \u00e0 notre intervention concernant les modalit\u00e9s d\u2019inscription aux \u00e9preuves internes uniques qui sont d\u00e9crites dans la Jobnews 869\/2017, la dirigeante de Recruiment & Sourcing nous a contact\u00e9s ce 28\/12 et nous a apport\u00e9 les renseignements suivants : \u00a0 Les \u00e9preuves sp\u00e9ciales uniques ferm\u00e9es pr\u00e9vues\u2026","rel":"","context":"Dans &quot;Infos G\u00e9n\u00e9rales&quot;","block_context":{"text":"Infos G\u00e9n\u00e9rales","link":"https:\/\/www.ovs-sic.be\/fr\/category\/algemeen\/"},"img":{"alt_text":"logo","src":"https:\/\/i0.wp.com\/www.ovs-sic.be\/fr\/wp-content\/uploads\/sites\/4\/2017\/10\/OVS-vernieuwdgroot.jpg?fit=1200%2C630&ssl=1&resize=350%2C200","width":350,"height":200,"srcset":"https:\/\/i0.wp.com\/www.ovs-sic.be\/fr\/wp-content\/uploads\/sites\/4\/2017\/10\/OVS-vernieuwdgroot.jpg?fit=1200%2C630&ssl=1&resize=350%2C200 1x, https:\/\/i0.wp.com\/www.ovs-sic.be\/fr\/wp-content\/uploads\/sites\/4\/2017\/10\/OVS-vernieuwdgroot.jpg?fit=1200%2C630&ssl=1&resize=525%2C300 1.5x, https:\/\/i0.wp.com\/www.ovs-sic.be\/fr\/wp-content\/uploads\/sites\/4\/2017\/10\/OVS-vernieuwdgroot.jpg?fit=1200%2C630&ssl=1&resize=700%2C400 2x, https:\/\/i0.wp.com\/www.ovs-sic.be\/fr\/wp-content\/uploads\/sites\/4\/2017\/10\/OVS-vernieuwdgroot.jpg?fit=1200%2C630&ssl=1&resize=1050%2C600 3x"},"classes":[]},{"id":1065,"url":"https:\/\/www.ovs-sic.be\/fr\/assurance-hospitalisation-2021-explosion-des-tarifs\/","url_meta":{"origin":531,"position":2},"title":"ASSURANCE HOSPITALISATION 2021 : EXPLOSION DES TARIFS","author":"Admin","date":"3 janvier 2021","format":false,"excerpt":"Dans le cadre d\u2019un nouvel accord social qui se fait attendre depuis 2019 et ainsi pr\u00e9server la paix sociale au sein des Chemins de fer belges suite aux actions syndicales de fin 2019, HR RAIL avait promis la poursuite de l\u2019assurance collective hospitalisation en 2021. Nous constatons que les conditions\u2026","rel":"","context":"Dans &quot;Infos G\u00e9n\u00e9rales&quot;","block_context":{"text":"Infos G\u00e9n\u00e9rales","link":"https:\/\/www.ovs-sic.be\/fr\/category\/algemeen\/"},"img":{"alt_text":"","src":"https:\/\/i0.wp.com\/www.ovs-sic.be\/fr\/wp-content\/uploads\/sites\/4\/2018\/04\/inapt.png?fit=900%2C550&ssl=1&resize=350%2C200","width":350,"height":200,"srcset":"https:\/\/i0.wp.com\/www.ovs-sic.be\/fr\/wp-content\/uploads\/sites\/4\/2018\/04\/inapt.png?fit=900%2C550&ssl=1&resize=350%2C200 1x, https:\/\/i0.wp.com\/www.ovs-sic.be\/fr\/wp-content\/uploads\/sites\/4\/2018\/04\/inapt.png?fit=900%2C550&ssl=1&resize=525%2C300 1.5x, https:\/\/i0.wp.com\/www.ovs-sic.be\/fr\/wp-content\/uploads\/sites\/4\/2018\/04\/inapt.png?fit=900%2C550&ssl=1&resize=700%2C400 2x"},"classes":[]},{"id":583,"url":"https:\/\/www.ovs-sic.be\/fr\/plainte-hr-rail-emplois-contractuels-itms\/","url_meta":{"origin":531,"position":3},"title":"PLAINTE HR-RAIL &#8211; EMPLOIS CONTRACTUELS ITMS","author":"","date":"30 juin 2018","format":false,"excerpt":"","rel":"","context":"Dans &quot;Infos G\u00e9n\u00e9rales&quot;","block_context":{"text":"Infos G\u00e9n\u00e9rales","link":"https:\/\/www.ovs-sic.be\/fr\/category\/algemeen\/"},"img":{"alt_text":"","src":"","width":0,"height":0},"classes":[]},{"id":592,"url":"https:\/\/www.ovs-sic.be\/fr\/refus-de-remunerer-les-prestations-supplementaires\/","url_meta":{"origin":531,"position":4},"title":"REFUS DE REMUNERER LES PRESTATIONS SUPPLEMENTAIRES","author":"Admin","date":"25 juillet 2018","format":false,"excerpt":"Nous sommes intervenus aupr\u00e8s du Directeur g\u00e9n\u00e9ral HR-RAIL suite au refus de paiement des prestations suppl\u00e9mentaires (P260) pour le personnel de rang III I-TMS. Cette situation est \u00e9galement applicable pour tout le personnel op\u00e9rationnel d\u00e9tenant un grade de rang III. Nous contestons l\u2019interpr\u00e9tation du RGPS fascicule 541 par HR-RAIL. Monsieur\u2026","rel":"","context":"Dans &quot;Infos G\u00e9n\u00e9rales&quot;","block_context":{"text":"Infos G\u00e9n\u00e9rales","link":"https:\/\/www.ovs-sic.be\/fr\/category\/algemeen\/"},"img":{"alt_text":"","src":"https:\/\/i0.wp.com\/www.ovs-sic.be\/fr\/wp-content\/uploads\/sites\/4\/2018\/01\/OVS-vernieuwdgroot.jpg?fit=348%2C215&ssl=1&resize=350%2C200","width":350,"height":200},"classes":[]},{"id":1104,"url":"https:\/\/www.ovs-sic.be\/fr\/augmentation-inquietante-des-agressions-envers-le-personnel-le-sic-tire-la-sonnette-dalarme\/","url_meta":{"origin":531,"position":5},"title":"AUGMENTATION INQUIETANTE DES AGRESSIONS ENVERS LE PERSONNEL LE SIC TIRE LA SONNETTE D&rsquo;ALARME","author":"Admin","date":"21 juin 2021","format":false,"excerpt":"Depuis un certain temps, notre organisation met en lumi\u00e8re les probl\u00e8mes rencontr\u00e9s par les cheminots dans l'exercice de leurs fonctions et qui constituent une menace pour leur s\u00e9curit\u00e9 personnelle.","rel":"","context":"Dans &quot;Infos Asco&quot;","block_context":{"text":"Infos Asco","link":"https:\/\/www.ovs-sic.be\/fr\/category\/veco\/"},"img":{"alt_text":"","src":"https:\/\/i0.wp.com\/www.ovs-sic.be\/fr\/wp-content\/uploads\/sites\/4\/2021\/06\/agressietbg.jpg?fit=466%2C346&ssl=1&resize=350%2C200","width":350,"height":200},"classes":[]}],"_links":{"self":[{"href":"https:\/\/www.ovs-sic.be\/fr\/wp-json\/wp\/v2\/posts\/531","targetHints":{"allow":["GET"]}}],"collection":[{"href":"https:\/\/www.ovs-sic.be\/fr\/wp-json\/wp\/v2\/posts"}],"about":[{"href":"https:\/\/www.ovs-sic.be\/fr\/wp-json\/wp\/v2\/types\/post"}],"author":[{"embeddable":true,"href":"https:\/\/www.ovs-sic.be\/fr\/wp-json\/wp\/v2\/users\/2"}],"replies":[{"embeddable":true,"href":"https:\/\/www.ovs-sic.be\/fr\/wp-json\/wp\/v2\/comments?post=531"}],"version-history":[{"count":5,"href":"https:\/\/www.ovs-sic.be\/fr\/wp-json\/wp\/v2\/posts\/531\/revisions"}],"predecessor-version":[{"id":539,"href":"https:\/\/www.ovs-sic.be\/fr\/wp-json\/wp\/v2\/posts\/531\/revisions\/539"}],"wp:featuredmedia":[{"embeddable":true,"href":"https:\/\/www.ovs-sic.be\/fr\/wp-json\/wp\/v2\/media\/537"}],"wp:attachment":[{"href":"https:\/\/www.ovs-sic.be\/fr\/wp-json\/wp\/v2\/media?parent=531"}],"wp:term":[{"taxonomy":"category","embeddable":true,"href":"https:\/\/www.ovs-sic.be\/fr\/wp-json\/wp\/v2\/categories?post=531"},{"taxonomy":"post_tag","embeddable":true,"href":"https:\/\/www.ovs-sic.be\/fr\/wp-json\/wp\/v2\/tags?post=531"}],"curies":[{"name":"wp","href":"https:\/\/api.w.org\/{rel}","templated":true}]}}