{"id":510,"date":"2018-04-03T02:04:52","date_gmt":"2018-04-03T00:04:52","guid":{"rendered":"https:\/\/www.ovs-sic.be\/fr\/?p=510"},"modified":"2018-04-03T02:07:42","modified_gmt":"2018-04-03T00:07:42","slug":"mise-en-oeuvre-du-service-minimum-categories-essentielles-du-personnel","status":"publish","type":"post","link":"https:\/\/www.ovs-sic.be\/fr\/mise-en-oeuvre-du-service-minimum-categories-essentielles-du-personnel\/","title":{"rendered":"Mise en \u0153uvre du service minimum \/ categories essentielles du personnel"},"content":{"rendered":"<p><b><i>L<\/i><\/b>es premi\u00e8res \u00e9lections sociales au sein des Chemins de fer belges se d\u00e9rouleront du 3 au 7 d\u00e9cembre 2018.<\/p>\n<p>Les cheminots pourront d\u00e9signer leurs repr\u00e9sentants au sein de <b>certains organes <\/b>de dialogue social.<\/p>\n<p>Sans aucune surprise, le l\u00e9gislateur a exclu de ces \u00e9lections les mandats de la (sous) Commission paritaire nationale et du Comit\u00e9 de pilotage qui sont les organes principaux qui d\u00e9cident de l\u2019avenir des cheminots tant au niveau administratif que p\u00e9cuniaire. Lesdits mandats restent ainsi cadenass\u00e9s au profit des 3 syndicats politiques.<\/p>\n<p>Le Moniteur belge du 22\/03\/2018 a publi\u00e9 les derniers textes l\u00e9gislatifs relatifs \u00e0 ces premi\u00e8res \u00e9lections sociales. 94 organes de dialogue social entreront en ligne de compte\u00a0: les 5 Commissions paritaires r\u00e9gionales, les trois Comit\u00e9s d&rsquo;entreprise pour la pr\u00e9vention et la protection au travail (un pour la SNCB, un pour Infrabel et un pour HR Rail), les 49 Comit\u00e9s PPT SNCB, les 16 Comit\u00e9s PPT Infrabel et les 21 Sous-Comit\u00e9s PPT au niveau des arrondissements d&rsquo;Infrabel en charge de la maintenance de l&rsquo;infrastructure (I-AM).<\/p>\n<p>Malgr\u00e9 son recours gagn\u00e9 en Cour Constitutionnelle, le SIC est totalement \u00e9cart\u00e9 des discussions au sujet de ces \u00e9lections : un bel exemple de d\u00e9mocratie s\u00e9lective!<\/p>\n<p>Nous attendons la publication du RGPS fascicule 548 pour conna\u00eetre les modalit\u00e9s des \u00e9lections et nous positionner en toute connaissance de cause.<\/p>\n","protected":false},"excerpt":{"rendered":"<p>Les premi\u00e8res \u00e9lections sociales au sein des Chemins de fer belges se d\u00e9rouleront du 3 au 7 d\u00e9cembre 2018. Les cheminots pourront d\u00e9signer leurs repr\u00e9sentants au sein de certains organes &hellip; <\/p>\n","protected":false},"author":1,"featured_media":511,"comment_status":"open","ping_status":"open","sticky":false,"template":"","format":"standard","meta":{"jetpack_post_was_ever_published":false,"_jetpack_newsletter_access":"","_jetpack_dont_email_post_to_subs":false,"_jetpack_newsletter_tier_id":0,"_jetpack_memberships_contains_paywalled_content":false,"_jetpack_memberships_contains_paid_content":false,"footnotes":"","jetpack_publicize_message":"","jetpack_publicize_feature_enabled":true,"jetpack_social_post_already_shared":true,"jetpack_social_options":{"image_generator_settings":{"template":"highway","default_image_id":0,"font":"","enabled":false},"version":2}},"categories":[6],"tags":[],"class_list":["post-510","post","type-post","status-publish","format-standard","has-post-thumbnail","hentry","category-algemeen"],"jetpack_publicize_connections":[],"jetpack_featured_media_url":"https:\/\/i0.wp.com\/www.ovs-sic.be\/fr\/wp-content\/uploads\/sites\/4\/2018\/04\/sv-e1522714042207.png?fit=692%2C363&ssl=1","jetpack_sharing_enabled":true,"jetpack_shortlink":"https:\/\/wp.me\/p9lyc6-8e","jetpack_likes_enabled":true,"jetpack-related-posts":[{"id":624,"url":"https:\/\/www.ovs-sic.be\/fr\/elections-sociales\/","url_meta":{"origin":510,"position":0},"title":"ELECTIONS SOCIALES","author":"Admin","date":"24 ao\u00fbt 2018","format":false,"excerpt":"Dans le courant du mois de d\u00e9cembre 2018, les Chemins de fer belges organiseront les toutes premi\u00e8res \u00e9lections sociales et bien \u00e9videmment, le Syndicat Ind\u00e9pendant pour Cheminots y participera. Ces \u00e9lections concerneront : Pour les organes de dialogue social : les commissions paritaires r\u00e9gionales ; Pour les organes de dialogue\u2026","rel":"","context":"Dans &quot;Infos G\u00e9n\u00e9rales&quot;","block_context":{"text":"Infos G\u00e9n\u00e9rales","link":"https:\/\/www.ovs-sic.be\/fr\/category\/algemeen\/"},"img":{"alt_text":"","src":"https:\/\/i0.wp.com\/www.ovs-sic.be\/fr\/wp-content\/uploads\/sites\/4\/2018\/08\/elections-sociales2.png?fit=720%2C420&ssl=1&resize=350%2C200","width":350,"height":200,"srcset":"https:\/\/i0.wp.com\/www.ovs-sic.be\/fr\/wp-content\/uploads\/sites\/4\/2018\/08\/elections-sociales2.png?fit=720%2C420&ssl=1&resize=350%2C200 1x, https:\/\/i0.wp.com\/www.ovs-sic.be\/fr\/wp-content\/uploads\/sites\/4\/2018\/08\/elections-sociales2.png?fit=720%2C420&ssl=1&resize=525%2C300 1.5x, https:\/\/i0.wp.com\/www.ovs-sic.be\/fr\/wp-content\/uploads\/sites\/4\/2018\/08\/elections-sociales2.png?fit=720%2C420&ssl=1&resize=700%2C400 2x"},"classes":[]},{"id":726,"url":"https:\/\/www.ovs-sic.be\/fr\/elections-sociales-resultats%ef%bb%bf\/","url_meta":{"origin":510,"position":1},"title":"ELECTIONS SOCIALES \u2013 RESULTATS\ufeff","author":"Admin","date":"7 janvier 2019","format":false,"excerpt":"Le Syndicat ind\u00e9pendant pour Cheminots a d\u00e9croch\u00e9 21 mandats effectifs et 21 mandats de suppl\u00e9ants pour repr\u00e9senter les travailleurs au sein de divers organes soumis aux \u00e9lections sociales. Toutes nos f\u00e9licitations aux nouveaux mandataires. Le SIC devient incontestablement la 3\u00e8me force syndicale au sein des Chemins de fer belges. En\u2026","rel":"","context":"Dans &quot;Infos G\u00e9n\u00e9rales&quot;","block_context":{"text":"Infos G\u00e9n\u00e9rales","link":"https:\/\/www.ovs-sic.be\/fr\/category\/algemeen\/"},"img":{"alt_text":"","src":"https:\/\/i0.wp.com\/www.ovs-sic.be\/fr\/wp-content\/uploads\/sites\/4\/2019\/01\/kaderwordpress.png?fit=1200%2C675&ssl=1&resize=350%2C200","width":350,"height":200,"srcset":"https:\/\/i0.wp.com\/www.ovs-sic.be\/fr\/wp-content\/uploads\/sites\/4\/2019\/01\/kaderwordpress.png?fit=1200%2C675&ssl=1&resize=350%2C200 1x, https:\/\/i0.wp.com\/www.ovs-sic.be\/fr\/wp-content\/uploads\/sites\/4\/2019\/01\/kaderwordpress.png?fit=1200%2C675&ssl=1&resize=525%2C300 1.5x, https:\/\/i0.wp.com\/www.ovs-sic.be\/fr\/wp-content\/uploads\/sites\/4\/2019\/01\/kaderwordpress.png?fit=1200%2C675&ssl=1&resize=700%2C400 2x, https:\/\/i0.wp.com\/www.ovs-sic.be\/fr\/wp-content\/uploads\/sites\/4\/2019\/01\/kaderwordpress.png?fit=1200%2C675&ssl=1&resize=1050%2C600 3x"},"classes":[]},{"id":1029,"url":"https:\/\/www.ovs-sic.be\/fr\/le-sic-exclu-des-debats-relatifs-au-corona\/","url_meta":{"origin":510,"position":2},"title":"LE SIC EXCLU DES DEBATS RELATIFS AU CORONA","author":"","date":"18 mai 2020","format":false,"excerpt":"Bruxelles, le 2 mai 2020 Objet : Coronavirus : Non-respect des organes de dialogue social relatifs au bien-\u00eatre au travail Monsieur le Directeur g\u00e9n\u00e9ral, Le 17\/03\/2020, les repr\u00e9sentants (employeur\/syndicats reconnus) si\u00e9geant au Comit\u00e9 de Pilotage ont d\u00e9cid\u00e9 de consid\u00e9rer celui-ci comme seul organe d\u00e9cisionnel dans le contexte de la crise\u2026","rel":"","context":"Dans &quot;Infos G\u00e9n\u00e9rales&quot;","block_context":{"text":"Infos G\u00e9n\u00e9rales","link":"https:\/\/www.ovs-sic.be\/fr\/category\/algemeen\/"},"img":{"alt_text":"","src":"https:\/\/i0.wp.com\/www.ovs-sic.be\/fr\/wp-content\/uploads\/sites\/4\/2020\/05\/CORONA.jpg?fit=348%2C215&ssl=1&resize=350%2C200","width":350,"height":200},"classes":[]},{"id":680,"url":"https:\/\/www.ovs-sic.be\/fr\/votez-1-elections-sociales\/","url_meta":{"origin":510,"position":3},"title":"Votez 1 &#8211; Elections Sociales","author":"Admin","date":"29 novembre 2018","format":false,"excerpt":"En modifiant la loi du 23 juillet 1926 relative \u00e0 la SNCB et au personnel des Chemins de fer belges, le l\u00e9gislateur a permis aux travailleurs du rail de d\u00e9signer leurs repr\u00e9sentants syndicaux au sein des commissions paritaires r\u00e9gionales, des comit\u00e9s d\u2019entreprise et des comit\u00e9s pour la pr\u00e9vention et la\u2026","rel":"","context":"Dans &quot;Infos G\u00e9n\u00e9rales&quot;","block_context":{"text":"Infos G\u00e9n\u00e9rales","link":"https:\/\/www.ovs-sic.be\/fr\/category\/algemeen\/"},"img":{"alt_text":"","src":"https:\/\/i0.wp.com\/www.ovs-sic.be\/fr\/wp-content\/uploads\/sites\/4\/2018\/11\/electionssociales.png?fit=1200%2C675&ssl=1&resize=350%2C200","width":350,"height":200,"srcset":"https:\/\/i0.wp.com\/www.ovs-sic.be\/fr\/wp-content\/uploads\/sites\/4\/2018\/11\/electionssociales.png?fit=1200%2C675&ssl=1&resize=350%2C200 1x, https:\/\/i0.wp.com\/www.ovs-sic.be\/fr\/wp-content\/uploads\/sites\/4\/2018\/11\/electionssociales.png?fit=1200%2C675&ssl=1&resize=525%2C300 1.5x, https:\/\/i0.wp.com\/www.ovs-sic.be\/fr\/wp-content\/uploads\/sites\/4\/2018\/11\/electionssociales.png?fit=1200%2C675&ssl=1&resize=700%2C400 2x, https:\/\/i0.wp.com\/www.ovs-sic.be\/fr\/wp-content\/uploads\/sites\/4\/2018\/11\/electionssociales.png?fit=1200%2C675&ssl=1&resize=1050%2C600 3x"},"classes":[]},{"id":197,"url":"https:\/\/www.ovs-sic.be\/fr\/le-sic-gagne-son-recours-en-annulation\/","url_meta":{"origin":510,"position":4},"title":"LE SIC GAGNE SON RECOURS EN ANNULATION","author":"Admin","date":"13 octobre 2017","format":false,"excerpt":"La Cour Constitutionnelle a rendu son jugement le 26 juillet et a confirm\u00e9 sa pr\u00e9c\u00e9dente d\u00e9cision de suspension (18 mai 2017) de l\u2019article 12 de la loi du 3 ao\u00fbt 2016 qui ins\u00e8re un article 114\/1 de la loi du 23 juillet 1926 relative \u00e0 la SNCB et au personnel\u2026","rel":"","context":"Dans &quot;Infos G\u00e9n\u00e9rales&quot;","block_context":{"text":"Infos G\u00e9n\u00e9rales","link":"https:\/\/www.ovs-sic.be\/fr\/category\/algemeen\/"},"img":{"alt_text":"","src":"https:\/\/i0.wp.com\/www.ovs-sic.be\/fr\/wp-content\/uploads\/sites\/4\/2017\/10\/COUR-CONSTIITUTIONNELLE-e1507846797207.png?fit=1000%2C465&ssl=1&resize=350%2C200","width":350,"height":200,"srcset":"https:\/\/i0.wp.com\/www.ovs-sic.be\/fr\/wp-content\/uploads\/sites\/4\/2017\/10\/COUR-CONSTIITUTIONNELLE-e1507846797207.png?fit=1000%2C465&ssl=1&resize=350%2C200 1x, https:\/\/i0.wp.com\/www.ovs-sic.be\/fr\/wp-content\/uploads\/sites\/4\/2017\/10\/COUR-CONSTIITUTIONNELLE-e1507846797207.png?fit=1000%2C465&ssl=1&resize=525%2C300 1.5x, https:\/\/i0.wp.com\/www.ovs-sic.be\/fr\/wp-content\/uploads\/sites\/4\/2017\/10\/COUR-CONSTIITUTIONNELLE-e1507846797207.png?fit=1000%2C465&ssl=1&resize=700%2C400 2x"},"classes":[]},{"id":1279,"url":"https:\/\/www.ovs-sic.be\/fr\/pourquoi-le-sic-suit-la-greve-de-novembre\/","url_meta":{"origin":510,"position":5},"title":"Pourquoi le SIC suit la gr\u00e8ve de novembre ?","author":"Admin","date":"2 novembre 2023","format":false,"excerpt":"Chers membres et sympathisants,Comme vous le savez probablement, le front commun syndical regroupant la CGSP, la CSC Transcom et le SLFP a annonc\u00e9 une gr\u00e8ve du 7 novembre 2023 \u00e0 22h au 9 novembre 2023 \u00e0 22h. Le Syndicat Ind\u00e9pendant pour Cheminots (SIC) participera pleinement \u00e0 cette gr\u00e8ve.Nous pla\u00e7ons les\u2026","rel":"","context":"Dans &quot;Infos G\u00e9n\u00e9rales&quot;","block_context":{"text":"Infos G\u00e9n\u00e9rales","link":"https:\/\/www.ovs-sic.be\/fr\/category\/algemeen\/"},"img":{"alt_text":"","src":"https:\/\/i0.wp.com\/www.ovs-sic.be\/fr\/wp-content\/uploads\/sites\/4\/2021\/09\/LEDENGELD-1.png?fit=640%2C318&ssl=1&resize=350%2C200","width":350,"height":200,"srcset":"https:\/\/i0.wp.com\/www.ovs-sic.be\/fr\/wp-content\/uploads\/sites\/4\/2021\/09\/LEDENGELD-1.png?fit=640%2C318&ssl=1&resize=350%2C200 1x, https:\/\/i0.wp.com\/www.ovs-sic.be\/fr\/wp-content\/uploads\/sites\/4\/2021\/09\/LEDENGELD-1.png?fit=640%2C318&ssl=1&resize=525%2C300 1.5x"},"classes":[]}],"_links":{"self":[{"href":"https:\/\/www.ovs-sic.be\/fr\/wp-json\/wp\/v2\/posts\/510","targetHints":{"allow":["GET"]}}],"collection":[{"href":"https:\/\/www.ovs-sic.be\/fr\/wp-json\/wp\/v2\/posts"}],"about":[{"href":"https:\/\/www.ovs-sic.be\/fr\/wp-json\/wp\/v2\/types\/post"}],"author":[{"embeddable":true,"href":"https:\/\/www.ovs-sic.be\/fr\/wp-json\/wp\/v2\/users\/1"}],"replies":[{"embeddable":true,"href":"https:\/\/www.ovs-sic.be\/fr\/wp-json\/wp\/v2\/comments?post=510"}],"version-history":[{"count":1,"href":"https:\/\/www.ovs-sic.be\/fr\/wp-json\/wp\/v2\/posts\/510\/revisions"}],"predecessor-version":[{"id":512,"href":"https:\/\/www.ovs-sic.be\/fr\/wp-json\/wp\/v2\/posts\/510\/revisions\/512"}],"wp:featuredmedia":[{"embeddable":true,"href":"https:\/\/www.ovs-sic.be\/fr\/wp-json\/wp\/v2\/media\/511"}],"wp:attachment":[{"href":"https:\/\/www.ovs-sic.be\/fr\/wp-json\/wp\/v2\/media?parent=510"}],"wp:term":[{"taxonomy":"category","embeddable":true,"href":"https:\/\/www.ovs-sic.be\/fr\/wp-json\/wp\/v2\/categories?post=510"},{"taxonomy":"post_tag","embeddable":true,"href":"https:\/\/www.ovs-sic.be\/fr\/wp-json\/wp\/v2\/tags?post=510"}],"curies":[{"name":"wp","href":"https:\/\/api.w.org\/{rel}","templated":true}]}}