{"id":441,"date":"2017-12-25T12:25:43","date_gmt":"2017-12-25T11:25:43","guid":{"rendered":"https:\/\/www.ovs-sic.be\/fr\/?p=441"},"modified":"2017-12-25T12:28:03","modified_gmt":"2017-12-25T11:28:03","slug":"digitalisation-de-fiche-de-remuneration","status":"publish","type":"post","link":"https:\/\/www.ovs-sic.be\/fr\/digitalisation-de-fiche-de-remuneration\/","title":{"rendered":"DIGITALISATION DE LA FICHE DE REMUNERATION"},"content":{"rendered":"<p><strong><u><img data-recalc-dims=\"1\" loading=\"lazy\" decoding=\"async\" data-attachment-id=\"443\" data-permalink=\"https:\/\/www.ovs-sic.be\/fr\/digitalisation-de-fiche-de-remuneration\/dsc01379-11-2\/\" data-orig-file=\"https:\/\/i0.wp.com\/www.ovs-sic.be\/fr\/wp-content\/uploads\/sites\/4\/2017\/12\/DSC01379.11-1.jpg?fit=1500%2C749&amp;ssl=1\" data-orig-size=\"1500,749\" data-comments-opened=\"1\" data-image-meta=\"{&quot;aperture&quot;:&quot;0&quot;,&quot;credit&quot;:&quot;&quot;,&quot;camera&quot;:&quot;&quot;,&quot;caption&quot;:&quot;&quot;,&quot;created_timestamp&quot;:&quot;0&quot;,&quot;copyright&quot;:&quot;&quot;,&quot;focal_length&quot;:&quot;0&quot;,&quot;iso&quot;:&quot;0&quot;,&quot;shutter_speed&quot;:&quot;0&quot;,&quot;title&quot;:&quot;&quot;,&quot;orientation&quot;:&quot;0&quot;}\" data-image-title=\"DSC01379.11\" data-image-description=\"\" data-image-caption=\"\" data-medium-file=\"https:\/\/i0.wp.com\/www.ovs-sic.be\/fr\/wp-content\/uploads\/sites\/4\/2017\/12\/DSC01379.11-1.jpg?fit=300%2C150&amp;ssl=1\" data-large-file=\"https:\/\/i0.wp.com\/www.ovs-sic.be\/fr\/wp-content\/uploads\/sites\/4\/2017\/12\/DSC01379.11-1.jpg?fit=735%2C367&amp;ssl=1\" class=\"alignnone size-medium wp-image-443\" src=\"https:\/\/i0.wp.com\/www.ovs-sic.be\/fr\/wp-content\/uploads\/sites\/4\/2017\/12\/DSC01379.11-1.jpg?resize=300%2C150&#038;ssl=1\" alt=\"\" width=\"300\" height=\"150\" srcset=\"https:\/\/i0.wp.com\/www.ovs-sic.be\/fr\/wp-content\/uploads\/sites\/4\/2017\/12\/DSC01379.11-1.jpg?resize=300%2C150&amp;ssl=1 300w, https:\/\/i0.wp.com\/www.ovs-sic.be\/fr\/wp-content\/uploads\/sites\/4\/2017\/12\/DSC01379.11-1.jpg?resize=768%2C383&amp;ssl=1 768w, https:\/\/i0.wp.com\/www.ovs-sic.be\/fr\/wp-content\/uploads\/sites\/4\/2017\/12\/DSC01379.11-1.jpg?resize=1024%2C511&amp;ssl=1 1024w, https:\/\/i0.wp.com\/www.ovs-sic.be\/fr\/wp-content\/uploads\/sites\/4\/2017\/12\/DSC01379.11-1.jpg?resize=1320%2C659&amp;ssl=1 1320w, https:\/\/i0.wp.com\/www.ovs-sic.be\/fr\/wp-content\/uploads\/sites\/4\/2017\/12\/DSC01379.11-1.jpg?w=1500&amp;ssl=1 1500w\" sizes=\"auto, (max-width: 300px) 100vw, 300px\" \/> <img data-recalc-dims=\"1\" loading=\"lazy\" decoding=\"async\" data-attachment-id=\"437\" data-permalink=\"https:\/\/www.ovs-sic.be\/fr\/digitalisation-de-fiche-de-remuneration\/dsc01380-11\/\" data-orig-file=\"https:\/\/i0.wp.com\/www.ovs-sic.be\/fr\/wp-content\/uploads\/sites\/4\/2017\/12\/DSC01380.11.jpg?fit=1500%2C407&amp;ssl=1\" data-orig-size=\"1500,407\" data-comments-opened=\"1\" data-image-meta=\"{&quot;aperture&quot;:&quot;0&quot;,&quot;credit&quot;:&quot;&quot;,&quot;camera&quot;:&quot;&quot;,&quot;caption&quot;:&quot;&quot;,&quot;created_timestamp&quot;:&quot;0&quot;,&quot;copyright&quot;:&quot;&quot;,&quot;focal_length&quot;:&quot;0&quot;,&quot;iso&quot;:&quot;0&quot;,&quot;shutter_speed&quot;:&quot;0&quot;,&quot;title&quot;:&quot;&quot;,&quot;orientation&quot;:&quot;0&quot;}\" data-image-title=\"DSC01380.11\" data-image-description=\"\" data-image-caption=\"\" data-medium-file=\"https:\/\/i0.wp.com\/www.ovs-sic.be\/fr\/wp-content\/uploads\/sites\/4\/2017\/12\/DSC01380.11.jpg?fit=300%2C81&amp;ssl=1\" data-large-file=\"https:\/\/i0.wp.com\/www.ovs-sic.be\/fr\/wp-content\/uploads\/sites\/4\/2017\/12\/DSC01380.11.jpg?fit=735%2C200&amp;ssl=1\" class=\"alignnone size-medium wp-image-437\" src=\"https:\/\/i0.wp.com\/www.ovs-sic.be\/fr\/wp-content\/uploads\/sites\/4\/2017\/12\/DSC01380.11.jpg?resize=300%2C81&#038;ssl=1\" alt=\"\" width=\"300\" height=\"81\" srcset=\"https:\/\/i0.wp.com\/www.ovs-sic.be\/fr\/wp-content\/uploads\/sites\/4\/2017\/12\/DSC01380.11.jpg?resize=300%2C81&amp;ssl=1 300w, https:\/\/i0.wp.com\/www.ovs-sic.be\/fr\/wp-content\/uploads\/sites\/4\/2017\/12\/DSC01380.11.jpg?resize=768%2C208&amp;ssl=1 768w, https:\/\/i0.wp.com\/www.ovs-sic.be\/fr\/wp-content\/uploads\/sites\/4\/2017\/12\/DSC01380.11.jpg?resize=1024%2C278&amp;ssl=1 1024w, https:\/\/i0.wp.com\/www.ovs-sic.be\/fr\/wp-content\/uploads\/sites\/4\/2017\/12\/DSC01380.11.jpg?resize=1320%2C358&amp;ssl=1 1320w, https:\/\/i0.wp.com\/www.ovs-sic.be\/fr\/wp-content\/uploads\/sites\/4\/2017\/12\/DSC01380.11.jpg?w=1500&amp;ssl=1 1500w\" sizes=\"auto, (max-width: 300px) 100vw, 300px\" \/>VOTRE FICHE DE PAIE DOR\u00c9NAVANT \u00c9GALEMENT DISPONIBLE EN FORMAT \u00c9LECTRONIQUE <\/u><\/strong><\/p>\n<p>Dans le cadre de GoBlue, et de la poursuite de la digitalisation de notre entreprise, diff\u00e9rentes initiatives sont prises dans plusieurs domaines. Gr\u00e2ce \u00e0 la collaboration entre les d\u00e9partements d\u2019 I-HRO, d\u2019I-ICT et HR Rail, vous pouvez dor\u00e9navant consulter votre fiche de salaire \u00e9galement en format \u00e9lectronique via MyPay, un nouvel onglet sur votre portail SAP.<\/p>\n<p>Bient\u00f4t, nous vous permettrons \u00e9galement de choisir de recevoir votre fiche de salaire uniquement en format num\u00e9rique, et d\u2019\u00e9viter ainsi une quantit\u00e9 importante de papier.<\/p>\n<p><u>Pourquoi une fiche de paie \u00e9lectronique<\/u> ?<\/p>\n<p>Le monde autour de nous se digitalise, et Infrabel \u00e9volue aussi vers une entreprise plus num\u00e9rique. Cela offre plusieurs avantages, parmi lesquels une meilleure efficacit\u00e9, un risque d\u2019erreurs moindre, un meilleur service, mais \u00e9galement une diminution de notre consommation de papier. Infrabel a pour ambitieux projet de r\u00e9duire sa consommation de papier de 50% d\u2019ici fin 2018. Annuellement, nous utilisons plus de 150.000 feuilles de papier pour imprimer les fiches de salaire.<\/p>\n<p><u>O\u00f9 trouver votre fiche de paie \u00e9lectronique<\/u> ?<\/p>\n<p>Votre fiche de paie \u00e9lectronique est disponible via votre Portail SAP. Il s\u2019agit du portail via lequel vous pouvez par exemple demander vos cong\u00e9s de mani\u00e8re informatis\u00e9e. \u00c0 partir de maintenant, votre portail personnel affiche un onglet suppl\u00e9mentaire \u00ab MyPay \u00bb, via lequel vous obtenez un aper\u00e7u de vos fiches de salaire en format num\u00e9rique. Vous choisissez la fiche de salaire que vous souhaitez consulter en s\u00e9lectionnant le mois et l\u2019ann\u00e9e. Simple et pratique.<\/p>\n<p>Les collaborateurs qui se connectent via un Kiosk, pourront \u00e9galement consulter leurs fiches de paie \u00e9lectronique. Bient\u00f4t, cette fonctionnalit\u00e9 sera \u00e9galement activ\u00e9e sur les Communication Corners.<\/p>\n<p>En tant qu&rsquo;utilisateur, vous avez \u00e9galement la possibilit\u00e9 d&rsquo;envoyer votre fiche de paie \u00e9lectronique de MyPay \u00e0 votre adresse e-mail personnelle. Si vous ne voyez pas l\u2019onglet MyPay dans votre portail SAP, veuillez contacter la cellule Master Data d\u2019I-HRO via mail: 41hr.i-hrmasterdatacel@infrabel.be.<\/p>\n<p><u>Puis-je choisir de recevoir ma fiche de paie uniquement sous format num\u00e9rique<\/u> ?<\/p>\n<p>Pour l\u2019instant, tout le monde continue de recevoir sa fiche de salaire en format papier. La possibilit\u00e9 de consulter votre fiche de paie sur le portail est un service suppl\u00e9mentaire et nous souhaitons \u00e9galement nous assurer que chacun peut consulter la version num\u00e9rique avant de supprimer la version papier. Dans un futur proche, nous vous offrirons la possibilit\u00e9 de choisir entre recevoir uniquement la version num\u00e9rique, ou continuer \u00e0 recevoir la version papier. Nous esp\u00e9rons \u00e9videmment que beaucoup de collaborateurs opteront pour l\u2019option num\u00e9rique, afin de contribuer \u00e0 l\u2019effort de r\u00e9duction du papier.<\/p>\n","protected":false},"excerpt":{"rendered":"<p>VOTRE FICHE DE PAIE DOR\u00c9NAVANT \u00c9GALEMENT DISPONIBLE EN FORMAT \u00c9LECTRONIQUE Dans le cadre de GoBlue, et de la poursuite de la digitalisation de notre entreprise, diff\u00e9rentes initiatives sont prises dans &hellip; <\/p>\n","protected":false},"author":2,"featured_media":443,"comment_status":"open","ping_status":"open","sticky":false,"template":"","format":"standard","meta":{"jetpack_post_was_ever_published":false,"_jetpack_newsletter_access":"","_jetpack_dont_email_post_to_subs":false,"_jetpack_newsletter_tier_id":0,"_jetpack_memberships_contains_paywalled_content":false,"_jetpack_memberships_contains_paid_content":false,"footnotes":"","jetpack_publicize_message":"","jetpack_publicize_feature_enabled":true,"jetpack_social_post_already_shared":true,"jetpack_social_options":{"image_generator_settings":{"template":"highway","default_image_id":0,"font":"","enabled":false},"version":2}},"categories":[10],"tags":[],"class_list":["post-441","post","type-post","status-publish","format-standard","has-post-thumbnail","hentry","category-hrrail"],"jetpack_publicize_connections":[],"jetpack_featured_media_url":"https:\/\/i0.wp.com\/www.ovs-sic.be\/fr\/wp-content\/uploads\/sites\/4\/2017\/12\/DSC01379.11-1.jpg?fit=1500%2C749&ssl=1","jetpack_sharing_enabled":true,"jetpack_shortlink":"https:\/\/wp.me\/p9lyc6-77","jetpack_likes_enabled":true,"jetpack-related-posts":[{"id":351,"url":"https:\/\/www.ovs-sic.be\/fr\/modalite-de-payement-jours-de-credit\/","url_meta":{"origin":441,"position":0},"title":"MODALITE DE PAYEMENT DES JOURS DE CREDIT","author":"","date":"24 novembre 2017","format":false,"excerpt":"News Remboursement partiel des jours de cr\u00e9dit Le comit\u00e9 de direction de la SNCB a d\u00e9cid\u00e9 de diminuer le nombre d\u2019arri\u00e9r\u00e9s de jours de cr\u00e9dits (JC) : - Les jours de cr\u00e9dit (JC) au-dessus d\u2019une limite de 35 jours seront r\u00e9mun\u00e9r\u00e9s. - Les jours de cr\u00e9dit (JC) \u00e0 partir de\u2026","rel":"","context":"Dans &quot;Infos HR-Rail&quot;","block_context":{"text":"Infos HR-Rail","link":"https:\/\/www.ovs-sic.be\/fr\/category\/hrrail\/"},"img":{"alt_text":"","src":"https:\/\/i0.wp.com\/www.ovs-sic.be\/fr\/wp-content\/uploads\/sites\/4\/2017\/11\/image002-300x99.jpg?resize=350%2C200&ssl=1","width":350,"height":200},"classes":[]},{"id":346,"url":"https:\/\/www.ovs-sic.be\/fr\/calculez-valeur-pecuniaire-dun-jour-de-credit\/","url_meta":{"origin":441,"position":1},"title":"CALCULEZ LA VALEUR PECUNIAIRE D&rsquo;UN JOUR DE CREDIT","author":"","date":"24 novembre 2017","format":false,"excerpt":"Afin de calculer la valeur p\u00e9cuniaire d'un jour de cr\u00e9dit, vous devez vous munir de votre fiche de r\u00e9mun\u00e9ration et effectuer l'op\u00e9ration suivante : Taux d'\u00e9chelle \u00e0 100%\u00a0+ suppl\u00e9ments de traitement \u00e0 100% X coefficient de liquidation (actuellement 1,6734) =...... Vous divisez cette somme par 1976 (nombres d'heures prest\u00e9es annuellement\u2026","rel":"","context":"Dans &quot;Sans categorie&quot;","block_context":{"text":"Sans categorie","link":"https:\/\/www.ovs-sic.be\/fr\/category\/geen-categorie\/"},"img":{"alt_text":"","src":"https:\/\/i0.wp.com\/www.ovs-sic.be\/fr\/wp-content\/uploads\/sites\/4\/2017\/11\/IMG_20171124_120952.jpg?fit=1200%2C284&ssl=1&resize=350%2C200","width":350,"height":200,"srcset":"https:\/\/i0.wp.com\/www.ovs-sic.be\/fr\/wp-content\/uploads\/sites\/4\/2017\/11\/IMG_20171124_120952.jpg?fit=1200%2C284&ssl=1&resize=350%2C200 1x, https:\/\/i0.wp.com\/www.ovs-sic.be\/fr\/wp-content\/uploads\/sites\/4\/2017\/11\/IMG_20171124_120952.jpg?fit=1200%2C284&ssl=1&resize=525%2C300 1.5x, https:\/\/i0.wp.com\/www.ovs-sic.be\/fr\/wp-content\/uploads\/sites\/4\/2017\/11\/IMG_20171124_120952.jpg?fit=1200%2C284&ssl=1&resize=700%2C400 2x, https:\/\/i0.wp.com\/www.ovs-sic.be\/fr\/wp-content\/uploads\/sites\/4\/2017\/11\/IMG_20171124_120952.jpg?fit=1200%2C284&ssl=1&resize=1050%2C600 3x"},"classes":[]},{"id":716,"url":"https:\/\/www.ovs-sic.be\/fr\/716-2\/","url_meta":{"origin":441,"position":2},"title":"FERMETURE D\u00c9FINITIVE DES CENTRES M\u00c9DICAUX R\u00c9GIONAUX AU 01-01-2019","author":"","date":"26 d\u00e9cembre 2018","format":false,"excerpt":"01-01-2019\u00a0: \u00a0FIN DES CONTROLES DANS LES CENTRES MEDICAUX A partir du 1er janvier 2019, la r\u00e9glementation autour des contr\u00f4les m\u00e9dicaux change. En cas d\u2019incapacit\u00e9 de travail pour cause de maladie ou d\u2019accident de la vie priv\u00e9e, de nouvelles facilit\u00e9s s\u2019offrent vous, dont des contr\u00f4les m\u00e9dicaux moins nombreux, plus cibl\u00e9s et\u2026","rel":"","context":"Dans &quot;Infos HR-Rail&quot;","block_context":{"text":"Infos HR-Rail","link":"https:\/\/www.ovs-sic.be\/fr\/category\/hrrail\/"},"img":{"alt_text":"","src":"https:\/\/i0.wp.com\/www.ovs-sic.be\/fr\/wp-content\/uploads\/sites\/4\/2018\/07\/AdobeStock_135801497-300x200.png?fit=300%2C200&ssl=1&resize=350%2C200","width":350,"height":200},"classes":[]},{"id":845,"url":"https:\/\/www.ovs-sic.be\/fr\/fin-des-controles-medicaux-dans-les-cmr-nouvelles-modifications-dans-les-procedures\/","url_meta":{"origin":441,"position":3},"title":"FIN DES CONTROLES MEDICAUX DANS LES CMR &#8211; NOUVELLES MODIFICATIONS DANS LES PROCEDURES","author":"","date":"10 avril 2019","format":false,"excerpt":"ANCIEN Depuis la mise en \u0153uvre de la nouvelle proc\u00e9dure, certaines personnes ont \u00e9t\u00e9 contr\u00f4l\u00e9es alors qu\u2019elles n\u2019auraient pas d\u00fb l\u2019\u00eatre. NOUVEAU Ceci \u00e9tait d\u00fb \u00e0 un probl\u00e8me dans le syst\u00e8me informatique. Il a entre-temps \u00e9t\u00e9 r\u00e9gl\u00e9.","rel":"","context":"Dans &quot;Infos G\u00e9n\u00e9rales&quot;","block_context":{"text":"Infos G\u00e9n\u00e9rales","link":"https:\/\/www.ovs-sic.be\/fr\/category\/algemeen\/"},"img":{"alt_text":"","src":"https:\/\/i0.wp.com\/www.ovs-sic.be\/fr\/wp-content\/uploads\/sites\/4\/2019\/04\/CMR.jpg?fit=1200%2C900&ssl=1&resize=350%2C200","width":350,"height":200,"srcset":"https:\/\/i0.wp.com\/www.ovs-sic.be\/fr\/wp-content\/uploads\/sites\/4\/2019\/04\/CMR.jpg?fit=1200%2C900&ssl=1&resize=350%2C200 1x, https:\/\/i0.wp.com\/www.ovs-sic.be\/fr\/wp-content\/uploads\/sites\/4\/2019\/04\/CMR.jpg?fit=1200%2C900&ssl=1&resize=525%2C300 1.5x, https:\/\/i0.wp.com\/www.ovs-sic.be\/fr\/wp-content\/uploads\/sites\/4\/2019\/04\/CMR.jpg?fit=1200%2C900&ssl=1&resize=700%2C400 2x, https:\/\/i0.wp.com\/www.ovs-sic.be\/fr\/wp-content\/uploads\/sites\/4\/2019\/04\/CMR.jpg?fit=1200%2C900&ssl=1&resize=1050%2C600 3x"},"classes":[]},{"id":602,"url":"https:\/\/www.ovs-sic.be\/fr\/accidents-du-travail-sur-le-chemin-du-travail-du-nouveau-a-partir-du-1-07-pour-les-statutaires\/","url_meta":{"origin":441,"position":4},"title":"Accidents du travail (sur le chemin du travail) : du nouveau \u00e0 partir du 1\/07 pour les statutaires","author":"Admin","date":"29 juillet 2018","format":false,"excerpt":"D\u00e8s le 1er juillet, les collaborateurs statutaires victimes d'un accident du travail ou sur le chemin du travail pourront se faire soigner par le m\u00e9decin ou l'h\u00f4pital de leur choix.\u00a0 Le service m\u00e9dical de HR Rail pour les accidents du travail assurera quant \u00e0 lui le contr\u00f4le de l'incapacit\u00e9 de\u2026","rel":"","context":"Dans &quot;Infos G\u00e9n\u00e9rales&quot;","block_context":{"text":"Infos G\u00e9n\u00e9rales","link":"https:\/\/www.ovs-sic.be\/fr\/category\/algemeen\/"},"img":{"alt_text":"","src":"https:\/\/i0.wp.com\/www.ovs-sic.be\/fr\/wp-content\/uploads\/sites\/4\/2018\/07\/shoe-fall-foot-reptile-yellow-peel-1078216-pxhere.com_.jpg?fit=1200%2C800&ssl=1&resize=350%2C200","width":350,"height":200,"srcset":"https:\/\/i0.wp.com\/www.ovs-sic.be\/fr\/wp-content\/uploads\/sites\/4\/2018\/07\/shoe-fall-foot-reptile-yellow-peel-1078216-pxhere.com_.jpg?fit=1200%2C800&ssl=1&resize=350%2C200 1x, https:\/\/i0.wp.com\/www.ovs-sic.be\/fr\/wp-content\/uploads\/sites\/4\/2018\/07\/shoe-fall-foot-reptile-yellow-peel-1078216-pxhere.com_.jpg?fit=1200%2C800&ssl=1&resize=525%2C300 1.5x, https:\/\/i0.wp.com\/www.ovs-sic.be\/fr\/wp-content\/uploads\/sites\/4\/2018\/07\/shoe-fall-foot-reptile-yellow-peel-1078216-pxhere.com_.jpg?fit=1200%2C800&ssl=1&resize=700%2C400 2x, https:\/\/i0.wp.com\/www.ovs-sic.be\/fr\/wp-content\/uploads\/sites\/4\/2018\/07\/shoe-fall-foot-reptile-yellow-peel-1078216-pxhere.com_.jpg?fit=1200%2C800&ssl=1&resize=1050%2C600 3x"},"classes":[]},{"id":1250,"url":"https:\/\/www.ovs-sic.be\/fr\/discrimination-a-lencontre-des-employes-statutaires-des-chemins-de-fer-belges\/","url_meta":{"origin":441,"position":5},"title":"Discrimination \u00e0 l&rsquo;encontre des employ\u00e9s statutaires des chemins de fer belges","author":"Admin","date":"7 juin 2023","format":false,"excerpt":"Le SIC est intervenu aupr\u00e8s du Directeur G\u00e9n\u00e9ral de HR-RAIL pour d\u00e9noncer la discrimination des employ\u00e9s statutaires chez HR-Rail, notamment en ce qui concerne les cong\u00e9s de maladie et les droits de cong\u00e9 par rapport \u00e0 leurs coll\u00e8gues contractuels. Nous appelons HR-RAIL \u00e0 agir pour corriger ces in\u00e9galit\u00e9s et soulignons\u2026","rel":"","context":"Dans &quot;Infos G\u00e9n\u00e9rales&quot;","block_context":{"text":"Infos G\u00e9n\u00e9rales","link":"https:\/\/www.ovs-sic.be\/fr\/category\/algemeen\/"},"img":{"alt_text":"","src":"https:\/\/i0.wp.com\/www.ovs-sic.be\/fr\/wp-content\/uploads\/sites\/4\/2021\/09\/LEDENGELD-1.png?fit=640%2C318&ssl=1&resize=350%2C200","width":350,"height":200,"srcset":"https:\/\/i0.wp.com\/www.ovs-sic.be\/fr\/wp-content\/uploads\/sites\/4\/2021\/09\/LEDENGELD-1.png?fit=640%2C318&ssl=1&resize=350%2C200 1x, https:\/\/i0.wp.com\/www.ovs-sic.be\/fr\/wp-content\/uploads\/sites\/4\/2021\/09\/LEDENGELD-1.png?fit=640%2C318&ssl=1&resize=525%2C300 1.5x"},"classes":[]}],"_links":{"self":[{"href":"https:\/\/www.ovs-sic.be\/fr\/wp-json\/wp\/v2\/posts\/441","targetHints":{"allow":["GET"]}}],"collection":[{"href":"https:\/\/www.ovs-sic.be\/fr\/wp-json\/wp\/v2\/posts"}],"about":[{"href":"https:\/\/www.ovs-sic.be\/fr\/wp-json\/wp\/v2\/types\/post"}],"author":[{"embeddable":true,"href":"https:\/\/www.ovs-sic.be\/fr\/wp-json\/wp\/v2\/users\/2"}],"replies":[{"embeddable":true,"href":"https:\/\/www.ovs-sic.be\/fr\/wp-json\/wp\/v2\/comments?post=441"}],"version-history":[{"count":2,"href":"https:\/\/www.ovs-sic.be\/fr\/wp-json\/wp\/v2\/posts\/441\/revisions"}],"predecessor-version":[{"id":444,"href":"https:\/\/www.ovs-sic.be\/fr\/wp-json\/wp\/v2\/posts\/441\/revisions\/444"}],"wp:featuredmedia":[{"embeddable":true,"href":"https:\/\/www.ovs-sic.be\/fr\/wp-json\/wp\/v2\/media\/443"}],"wp:attachment":[{"href":"https:\/\/www.ovs-sic.be\/fr\/wp-json\/wp\/v2\/media?parent=441"}],"wp:term":[{"taxonomy":"category","embeddable":true,"href":"https:\/\/www.ovs-sic.be\/fr\/wp-json\/wp\/v2\/categories?post=441"},{"taxonomy":"post_tag","embeddable":true,"href":"https:\/\/www.ovs-sic.be\/fr\/wp-json\/wp\/v2\/tags?post=441"}],"curies":[{"name":"wp","href":"https:\/\/api.w.org\/{rel}","templated":true}]}}