{"id":422,"date":"2017-12-20T22:22:11","date_gmt":"2017-12-20T21:22:11","guid":{"rendered":"https:\/\/www.ovs-sic.be\/fr\/?p=422"},"modified":"2017-12-20T22:59:06","modified_gmt":"2017-12-20T21:59:06","slug":"audition-la-ceo-sncb-sur-lavenir-la-sncb","status":"publish","type":"post","link":"https:\/\/www.ovs-sic.be\/fr\/audition-la-ceo-sncb-sur-lavenir-la-sncb\/","title":{"rendered":"AUDITION DE LA CEO SNCB  SUR L\u2019AVENIR DE LA SNCB"},"content":{"rendered":"<p><span style=\"font-size: 14pt;\">COMMISSION INFRASTRUCTURE DU 18\/10\/2017<\/span><\/p>\n<p>Sophie Dutordoir, Administrateur d\u00e9l\u00e9gu\u00e9 de la SNCB, a pr\u00e9sent\u00e9 en Commission Infrastructure sa vision quant au futur proche de la SNCB.<\/p>\n<p>Lors de son audition du 18\/10\/17 au Parlement, Mme Dutordoir a r\u00e9it\u00e9r\u00e9 son souhait de transformer la SNCB en prestataire de services performant et en employeur attrayant comme Bpost et Proximus.<br \/>\nLe transport ferroviaire occupe une place centrale dans la mobilit\u00e9, mais ne repr\u00e9sente que 8% des d\u00e9placements domicile travail, et c\u2019est insuffisant pour assurer une mobilit\u00e9 durable.<br \/>\nMme Dutordoir reconnait le professionnalisme et la motivation des agents qu\u2019elle a rencontr\u00e9s, mais pour r\u00e9pondre aux attentes des usagers et se positionner comme op\u00e9rateur de r\u00e9f\u00e9rence face aux \u00e9ch\u00e9ances europ\u00e9ennes, il faut cr\u00e9er une nouvelle culture d\u2019entreprise, dans l\u2019int\u00e9r\u00eat de l\u2019entreprise elle-m\u00eame mais aussi de la collectivit\u00e9.<\/p>\n<p>Une hi\u00e9rarchie trop forte et d\u00e9connect\u00e9e, des processus trop lourds, un manque de communication transversale et de collaboration, une culture de l\u2019\u00e9crit qui prime sur le dialogue, un manque de remise en question et de responsabilisation, des outils et applications informatiques obsol\u00e8tes, des priorit\u00e9s et des objectifs mal d\u00e9finis et des d\u00e9penses inutiles, ont fait passer au second plan l\u2019objectif essentiel de la soci\u00e9t\u00e9, assurer la mobilit\u00e9 des usagers et des biens.<\/p>\n<p>Les mauvais choix qui ont \u00e9t\u00e9 op\u00e9r\u00e9s; filialisations \u00e0 outrance, d\u00e9penses architecturales de prestiges p\u00e8sent toujours sur les co\u00fbts d\u2019exploitation actuels, aux d\u00e9pens d\u2019une structure d\u2019accueil confortable et standardis\u00e9e et freinent les investissements en mati\u00e8re de s\u00e9curit\u00e9 et d\u2019achat de mat\u00e9riel roulant adapt\u00e9.<\/p>\n<p>Pourtant le transport ferroviaire est s\u00fbr, comp\u00e9titif et laisse une faible empreinte \u00e9cologique.<br \/>\nLa CEO ne demande pas de moyens suppl\u00e9mentaires, mais dans le contexte actuel, \u00e0 l\u2019horizon 2020 il faudra avoir r\u00e9alis\u00e9 300 millions d\u2019\u00e9conomie suite \u00e0 la r\u00e9duction des dotations. Jusque fin 2018, les effectifs devraient \u00eatre stabilis\u00e9s \u00e0 18.000 \u00e9quivalents temps plein. Apr\u00e8s 2018, le personnel devrait \u00eatre r\u00e9duit de 2 \u00e0 2,5 %.<\/p>\n<p>Seuls les nouveaux projets pr\u00e9sentant un avantage pour les clients ou l\u2019entreprise seront mis en \u0153uvre pour \u00e9viter les gaspillages genre \u00ab\u00a0Dice\u00a0\u00bb ou \u00ab\u00a0Mds\u00a0\u00bb. La SNCB \u00ab\u00a0d\u00e9sinvestit\u00a0\u00bb dans le projet \u00ab\u00a0Blue Bike\u00a0\u00bb, et le processus des achats devrait \u00eatre am\u00e9lior\u00e9.<br \/>\nDes contacts ont \u00e9t\u00e9 pris avec les soci\u00e9t\u00e9s de transport r\u00e9gionales et les r\u00e9seaux limitrophes afin d\u2019optimaliser les correspondances et compl\u00e9mentarit\u00e9s.<\/p>\n<p>Une collaboration tr\u00e8s \u00e9troite avec Infrabel est indispensable, notamment pour limiter l\u2019impact financier de la massification des travaux.<\/p>\n<p>NDLR : la vision d\u2019ensemble de madame Dutordoir semble a priori int\u00e9ressante; mais apr\u00e8s une analyse approfondie, on ne constate pas une r\u00e9elle volont\u00e9 de r\u00e9duire les diff\u00e9rents centres d\u00e9cisionnels qui sont un r\u00e9el frein \u00e0 une bonne gestion. Par contre, la r\u00e9duction de personnel se poursuivra pour une nouvelle p\u00e9riode de 5 ans (voir graphique ci-dessous). De 2014, \u00e0 2022, la SNCB aura ainsi d\u00e9graiss\u00e9 20 % de son personnel.<\/p>\n<p>D\u2019autre part, l\u2019administrateur d\u00e9l\u00e9gu\u00e9 met en avant les services performants de Bpost et de Proximus \u00e0 prendre en exemple.<\/p>\n<p>Petit rappel de la situation des deux entreprises :<\/p>\n<ul>\n<li>Proximus : la soci\u00e9t\u00e9 est devenue une sp\u00e9cialiste de l\u2019externalisation de ses services et de l\u2019emploi des ing\u00e9nieurs indiens. Elle a \u00e9galement pouss\u00e9 vers la sortie plus de 1000 travailleurs via un plan de pr\u00e9pension.<\/li>\n<li>Bpost : l\u2019entreprise n\u2019embauche plus de statutaires depuis 2000 et a cr\u00e9\u00e9 en 2010 un service low-cost et corv\u00e9able \u00e0 merci (cr\u00e9ation d\u2019un nouveau bar\u00e8me &#8211; le bar\u00e8me DA pour les facteurs &#8211; salaire lin\u00e9aire sur toute la carri\u00e8re, heures suppl\u00e9mentaires non pay\u00e9es, surcharge de travail, etc.).<\/li>\n<\/ul>\n<p>Aujourd\u2019hui, Bpost et Proximus sont proches de la privation avec l\u2019extinction programm\u00e9e des statutaires, \u00e0 la grande satisfaction du Gouvernement!<br \/>\nOn peut se demander si la CEO de la SNCB ne serait pas tent\u00e9e de suivre ces deux mod\u00e8les de \u00ab\u00a0pr\u00e9-privatisation\u00a0\u00bb?<\/p>\n","protected":false},"excerpt":{"rendered":"<p>COMMISSION INFRASTRUCTURE DU 18\/10\/2017 Sophie Dutordoir, Administrateur d\u00e9l\u00e9gu\u00e9 de la SNCB, a pr\u00e9sent\u00e9 en Commission Infrastructure sa vision quant au futur proche de la SNCB. Lors de son audition du &hellip; <\/p>\n","protected":false},"author":1,"featured_media":358,"comment_status":"open","ping_status":"open","sticky":false,"template":"","format":"standard","meta":{"jetpack_post_was_ever_published":false,"_jetpack_newsletter_access":"","_jetpack_dont_email_post_to_subs":false,"_jetpack_newsletter_tier_id":0,"_jetpack_memberships_contains_paywalled_content":false,"_jetpack_memberships_contains_paid_content":false,"footnotes":"","jetpack_publicize_message":"","jetpack_publicize_feature_enabled":true,"jetpack_social_post_already_shared":true,"jetpack_social_options":{"image_generator_settings":{"template":"highway","default_image_id":0,"font":"","enabled":false},"version":2}},"categories":[9],"tags":[],"class_list":["post-422","post","type-post","status-publish","format-standard","has-post-thumbnail","hentry","category-sncb"],"jetpack_publicize_connections":[],"jetpack_featured_media_url":"https:\/\/i0.wp.com\/www.ovs-sic.be\/fr\/wp-content\/uploads\/sites\/4\/2017\/11\/dutordoir-e1508458339641.jpg?fit=309%2C216&ssl=1","jetpack_sharing_enabled":true,"jetpack_shortlink":"https:\/\/wp.me\/p9lyc6-6O","jetpack_likes_enabled":true,"jetpack-related-posts":[{"id":244,"url":"https:\/\/www.ovs-sic.be\/fr\/vision-strategique-de-la-sncb-presentee-par-la-ceo-mme-dutordoirdevant-la-commission-infrastructure-de-la-chambre-le-18-10-2017\/","url_meta":{"origin":422,"position":0},"title":"VISION STRATEGIQUE DE LA SNCB PRESENTEE PAR LA CEO MME DUTORDOIR DEVANT LA COMMISSION INFRASTRUCTURE DE LA CHAMBRE LE 18-10-2017","author":"","date":"21 octobre 2017","format":false,"excerpt":"","rel":"","context":"Dans &quot;Infos SNCB&quot;","block_context":{"text":"Infos SNCB","link":"https:\/\/www.ovs-sic.be\/fr\/category\/sncb\/"},"img":{"alt_text":"","src":"https:\/\/i0.wp.com\/www.ovs-sic.be\/fr\/wp-content\/uploads\/sites\/4\/2017\/10\/1.jpg?fit=1200%2C675&ssl=1&resize=350%2C200","width":350,"height":200,"srcset":"https:\/\/i0.wp.com\/www.ovs-sic.be\/fr\/wp-content\/uploads\/sites\/4\/2017\/10\/1.jpg?fit=1200%2C675&ssl=1&resize=350%2C200 1x, https:\/\/i0.wp.com\/www.ovs-sic.be\/fr\/wp-content\/uploads\/sites\/4\/2017\/10\/1.jpg?fit=1200%2C675&ssl=1&resize=525%2C300 1.5x, https:\/\/i0.wp.com\/www.ovs-sic.be\/fr\/wp-content\/uploads\/sites\/4\/2017\/10\/1.jpg?fit=1200%2C675&ssl=1&resize=700%2C400 2x, https:\/\/i0.wp.com\/www.ovs-sic.be\/fr\/wp-content\/uploads\/sites\/4\/2017\/10\/1.jpg?fit=1200%2C675&ssl=1&resize=1050%2C600 3x"},"classes":[]},{"id":1134,"url":"https:\/\/www.ovs-sic.be\/fr\/lancement-de-la-procedure-de-la-sonnette-dalarme-concernant-le-paiement-obligatoire-des-jours-de-repos-et-ou-de-compensation-en-retard-pour-le-personnel-de-la-sncb\/","url_meta":{"origin":422,"position":1},"title":"Lancement de la proc\u00e9dure de la sonnette d\u2019alarme concernant le paiement obligatoire des jours de repos et\/ou de compensation en retard pour le personnel de la SNCB.","author":"Admin","date":"12 octobre 2021","format":false,"excerpt":"Copie \u00e0 l'administrateur d\u00e9l\u00e9gu\u00e9 de la SNCB, Mme Dutordoir Concerne : lancement de la proc\u00e9dure de la sonnette d\u2019alarme concernant le paiement obligatoire des jours de repos et\/ou de compensation en retard pour le personnel de la SNCB. Bruxelles, 11\/10\/2021 Cher Monsieur Hautekiet, Ch\u00e8re Mme Dutordoir, Le communiqu\u00e9 abrupt de\u2026","rel":"","context":"Dans &quot;Infos G\u00e9n\u00e9rales&quot;","block_context":{"text":"Infos G\u00e9n\u00e9rales","link":"https:\/\/www.ovs-sic.be\/fr\/category\/algemeen\/"},"img":{"alt_text":"","src":"https:\/\/i0.wp.com\/www.ovs-sic.be\/fr\/wp-content\/uploads\/sites\/4\/2018\/01\/OVS-vernieuwdgroot.jpg?fit=348%2C215&ssl=1&resize=350%2C200","width":350,"height":200},"classes":[]},{"id":828,"url":"https:\/\/www.ovs-sic.be\/fr\/la-sncb-demande-au-politique-de-la-sauvegarder-de-la-privatisation\/","url_meta":{"origin":422,"position":2},"title":"LA SNCB DEMANDE AU POLITIQUE DE LA SAUVEGARDER DE LA PRIVATISATION","author":"","date":"9 avril 2019","format":false,"excerpt":"La SNCB profite de la campagne \u00e9lectorale pour sortir son m\u00e9morandum (en annexe) \u00e0 l\u2019adresse des politiques qui, pour rappel, composent son conseil d\u2019administration. L\u2019op\u00e9rateur ferroviaire historique entend d\u2019abord que dans les plans de mobilit\u00e9, le rail soit clairement d\u00e9fini comme central. Argumentant qu\u2019en plus d\u2019avoir du sens \u00e9conomique et\u2026","rel":"","context":"Dans &quot;Infos G\u00e9n\u00e9rales&quot;","block_context":{"text":"Infos G\u00e9n\u00e9rales","link":"https:\/\/www.ovs-sic.be\/fr\/category\/algemeen\/"},"img":{"alt_text":"","src":"https:\/\/i0.wp.com\/www.ovs-sic.be\/fr\/wp-content\/uploads\/sites\/4\/2019\/04\/54e4bdea35700d7522a6b704.jpg?fit=620%2C310&ssl=1&resize=350%2C200","width":350,"height":200,"srcset":"https:\/\/i0.wp.com\/www.ovs-sic.be\/fr\/wp-content\/uploads\/sites\/4\/2019\/04\/54e4bdea35700d7522a6b704.jpg?fit=620%2C310&ssl=1&resize=350%2C200 1x, https:\/\/i0.wp.com\/www.ovs-sic.be\/fr\/wp-content\/uploads\/sites\/4\/2019\/04\/54e4bdea35700d7522a6b704.jpg?fit=620%2C310&ssl=1&resize=525%2C300 1.5x"},"classes":[]},{"id":344,"url":"https:\/\/www.ovs-sic.be\/fr\/intervention-aupres-de-ceo-de-sncb-suite-a-decision-de-payer-jours-de-credit\/","url_meta":{"origin":422,"position":3},"title":"INTERVENTION AUPRES DE LA CEO DE LA SNCB SUITE A LA DECISION DE PAYER LES JOURS DE CREDIT","author":"","date":"24 novembre 2017","format":false,"excerpt":"Bruxelles, le 15 novembre 2017 Ch\u00e8re Madame Dutordoir, Par la pr\u00e9sente, nous nous permettons de vous informer du m\u00e9contentement g\u00e9n\u00e9ralis\u00e9 du personnel de la SNCB qui est concern\u00e9 par la d\u00e9cision du Comit\u00e9 de Direction de proc\u00e9der au paiement d\u2019office des jours de cr\u00e9dit exc\u00e9dant le maximum autoris\u00e9, c'est-\u00e0-dire 35\u2026","rel":"","context":"Dans &quot;Infos SNCB&quot;","block_context":{"text":"Infos SNCB","link":"https:\/\/www.ovs-sic.be\/fr\/category\/sncb\/"},"img":{"alt_text":"","src":"https:\/\/i0.wp.com\/www.ovs-sic.be\/fr\/wp-content\/uploads\/sites\/4\/2017\/11\/dutordoir-e1508458339641-300x210.jpg?resize=350%2C200&ssl=1","width":350,"height":200},"classes":[]},{"id":326,"url":"https:\/\/www.ovs-sic.be\/fr\/nouveau-plan-dinvestissement-de-sncb\/","url_meta":{"origin":422,"position":4},"title":"NOUVEAU PLAN D&rsquo;INVESTISSEMENT DE LA SNCB","author":"","date":"24 novembre 2017","format":false,"excerpt":"Un nouveau plan d\u2019investissements pour la SNCB, au b\u00e9n\u00e9fice des voyageurs Via son nouveau plan d\u2019investissements, approuv\u00e9 ce jour par son Conseil d\u2019administration, la SNCB va investir 3,2 milliards sur la p\u00e9riode 2018-2022 pour rendre un meilleur service \u00e0 ses voyageurs. L\u2019ensemble de ces investissements se concentrent sur les trois\u2026","rel":"","context":"Dans &quot;Infos SNCB&quot;","block_context":{"text":"Infos SNCB","link":"https:\/\/www.ovs-sic.be\/fr\/category\/sncb\/"},"img":{"alt_text":"","src":"https:\/\/i0.wp.com\/www.ovs-sic.be\/fr\/wp-content\/uploads\/sites\/4\/2017\/11\/IMG_0005.jpg?fit=1200%2C800&ssl=1&resize=350%2C200","width":350,"height":200,"srcset":"https:\/\/i0.wp.com\/www.ovs-sic.be\/fr\/wp-content\/uploads\/sites\/4\/2017\/11\/IMG_0005.jpg?fit=1200%2C800&ssl=1&resize=350%2C200 1x, https:\/\/i0.wp.com\/www.ovs-sic.be\/fr\/wp-content\/uploads\/sites\/4\/2017\/11\/IMG_0005.jpg?fit=1200%2C800&ssl=1&resize=525%2C300 1.5x, https:\/\/i0.wp.com\/www.ovs-sic.be\/fr\/wp-content\/uploads\/sites\/4\/2017\/11\/IMG_0005.jpg?fit=1200%2C800&ssl=1&resize=700%2C400 2x, https:\/\/i0.wp.com\/www.ovs-sic.be\/fr\/wp-content\/uploads\/sites\/4\/2017\/11\/IMG_0005.jpg?fit=1200%2C800&ssl=1&resize=1050%2C600 3x"},"classes":[]},{"id":1104,"url":"https:\/\/www.ovs-sic.be\/fr\/augmentation-inquietante-des-agressions-envers-le-personnel-le-sic-tire-la-sonnette-dalarme\/","url_meta":{"origin":422,"position":5},"title":"AUGMENTATION INQUIETANTE DES AGRESSIONS ENVERS LE PERSONNEL LE SIC TIRE LA SONNETTE D&rsquo;ALARME","author":"Admin","date":"21 juin 2021","format":false,"excerpt":"Depuis un certain temps, notre organisation met en lumi\u00e8re les probl\u00e8mes rencontr\u00e9s par les cheminots dans l'exercice de leurs fonctions et qui constituent une menace pour leur s\u00e9curit\u00e9 personnelle.","rel":"","context":"Dans &quot;Infos Asco&quot;","block_context":{"text":"Infos Asco","link":"https:\/\/www.ovs-sic.be\/fr\/category\/veco\/"},"img":{"alt_text":"","src":"https:\/\/i0.wp.com\/www.ovs-sic.be\/fr\/wp-content\/uploads\/sites\/4\/2021\/06\/agressietbg.jpg?fit=466%2C346&ssl=1&resize=350%2C200","width":350,"height":200},"classes":[]}],"_links":{"self":[{"href":"https:\/\/www.ovs-sic.be\/fr\/wp-json\/wp\/v2\/posts\/422","targetHints":{"allow":["GET"]}}],"collection":[{"href":"https:\/\/www.ovs-sic.be\/fr\/wp-json\/wp\/v2\/posts"}],"about":[{"href":"https:\/\/www.ovs-sic.be\/fr\/wp-json\/wp\/v2\/types\/post"}],"author":[{"embeddable":true,"href":"https:\/\/www.ovs-sic.be\/fr\/wp-json\/wp\/v2\/users\/1"}],"replies":[{"embeddable":true,"href":"https:\/\/www.ovs-sic.be\/fr\/wp-json\/wp\/v2\/comments?post=422"}],"version-history":[{"count":1,"href":"https:\/\/www.ovs-sic.be\/fr\/wp-json\/wp\/v2\/posts\/422\/revisions"}],"predecessor-version":[{"id":423,"href":"https:\/\/www.ovs-sic.be\/fr\/wp-json\/wp\/v2\/posts\/422\/revisions\/423"}],"wp:featuredmedia":[{"embeddable":true,"href":"https:\/\/www.ovs-sic.be\/fr\/wp-json\/wp\/v2\/media\/358"}],"wp:attachment":[{"href":"https:\/\/www.ovs-sic.be\/fr\/wp-json\/wp\/v2\/media?parent=422"}],"wp:term":[{"taxonomy":"category","embeddable":true,"href":"https:\/\/www.ovs-sic.be\/fr\/wp-json\/wp\/v2\/categories?post=422"},{"taxonomy":"post_tag","embeddable":true,"href":"https:\/\/www.ovs-sic.be\/fr\/wp-json\/wp\/v2\/tags?post=422"}],"curies":[{"name":"wp","href":"https:\/\/api.w.org\/{rel}","templated":true}]}}