{"id":284,"date":"2017-10-24T18:39:23","date_gmt":"2017-10-24T16:39:23","guid":{"rendered":"https:\/\/www.ovs-sic.be\/fr\/?p=284"},"modified":"2017-10-26T21:29:16","modified_gmt":"2017-10-26T19:29:16","slug":"tableau-des-revenus-maximums-autorises-pour-travailler-lorsquon-est-pensionne","status":"publish","type":"post","link":"https:\/\/www.ovs-sic.be\/fr\/tableau-des-revenus-maximums-autorises-pour-travailler-lorsquon-est-pensionne\/","title":{"rendered":"TABLEAU DES REVENUS MAXIMUMS AUTORISES POUR TRAVAILLER LORSQU&rsquo;ON EST PENSIONNE"},"content":{"rendered":"<p>&nbsp;<\/p>\n<p><a href=\"https:\/\/i0.wp.com\/www.ovs-sic.be\/fr\/wp-content\/uploads\/sites\/4\/2017\/10\/Tabble-pension-1.jpg?ssl=1\"><img data-recalc-dims=\"1\" loading=\"lazy\" decoding=\"async\" data-attachment-id=\"299\" data-permalink=\"https:\/\/www.ovs-sic.be\/fr\/tableau-des-revenus-maximums-autorises-pour-travailler-lorsquon-est-pensionne\/tabble-pension-2\/\" data-orig-file=\"https:\/\/i0.wp.com\/www.ovs-sic.be\/fr\/wp-content\/uploads\/sites\/4\/2017\/10\/Tabble-pension-1.jpg?fit=1643%2C745&amp;ssl=1\" data-orig-size=\"1643,745\" data-comments-opened=\"1\" data-image-meta=\"{&quot;aperture&quot;:&quot;0&quot;,&quot;credit&quot;:&quot;&quot;,&quot;camera&quot;:&quot;&quot;,&quot;caption&quot;:&quot;&quot;,&quot;created_timestamp&quot;:&quot;0&quot;,&quot;copyright&quot;:&quot;&quot;,&quot;focal_length&quot;:&quot;0&quot;,&quot;iso&quot;:&quot;0&quot;,&quot;shutter_speed&quot;:&quot;0&quot;,&quot;title&quot;:&quot;&quot;,&quot;orientation&quot;:&quot;0&quot;}\" data-image-title=\"Tabble pension\" data-image-description=\"\" data-image-caption=\"\" data-medium-file=\"https:\/\/i0.wp.com\/www.ovs-sic.be\/fr\/wp-content\/uploads\/sites\/4\/2017\/10\/Tabble-pension-1.jpg?fit=300%2C136&amp;ssl=1\" data-large-file=\"https:\/\/i0.wp.com\/www.ovs-sic.be\/fr\/wp-content\/uploads\/sites\/4\/2017\/10\/Tabble-pension-1.jpg?fit=735%2C333&amp;ssl=1\" class=\"alignnone wp-image-299 size-medium\" src=\"https:\/\/i0.wp.com\/www.ovs-sic.be\/fr\/wp-content\/uploads\/sites\/4\/2017\/10\/Tabble-pension-1.jpg?resize=300%2C136&#038;ssl=1\" alt=\"\" width=\"300\" height=\"136\" srcset=\"https:\/\/i0.wp.com\/www.ovs-sic.be\/fr\/wp-content\/uploads\/sites\/4\/2017\/10\/Tabble-pension-1.jpg?resize=300%2C136&amp;ssl=1 300w, https:\/\/i0.wp.com\/www.ovs-sic.be\/fr\/wp-content\/uploads\/sites\/4\/2017\/10\/Tabble-pension-1.jpg?resize=768%2C348&amp;ssl=1 768w, https:\/\/i0.wp.com\/www.ovs-sic.be\/fr\/wp-content\/uploads\/sites\/4\/2017\/10\/Tabble-pension-1.jpg?resize=1024%2C464&amp;ssl=1 1024w, https:\/\/i0.wp.com\/www.ovs-sic.be\/fr\/wp-content\/uploads\/sites\/4\/2017\/10\/Tabble-pension-1.jpg?resize=1320%2C599&amp;ssl=1 1320w, https:\/\/i0.wp.com\/www.ovs-sic.be\/fr\/wp-content\/uploads\/sites\/4\/2017\/10\/Tabble-pension-1.jpg?w=1643&amp;ssl=1 1643w, https:\/\/i0.wp.com\/www.ovs-sic.be\/fr\/wp-content\/uploads\/sites\/4\/2017\/10\/Tabble-pension-1.jpg?w=1470&amp;ssl=1 1470w\" sizes=\"auto, (max-width: 300px) 100vw, 300px\" \/><\/a><\/p>\n","protected":false},"excerpt":{"rendered":"<p>&nbsp;<\/p>\n","protected":false},"author":2,"featured_media":283,"comment_status":"open","ping_status":"open","sticky":false,"template":"","format":"standard","meta":{"jetpack_post_was_ever_published":false,"_jetpack_newsletter_access":"","_jetpack_dont_email_post_to_subs":false,"_jetpack_newsletter_tier_id":0,"_jetpack_memberships_contains_paywalled_content":false,"_jetpack_memberships_contains_paid_content":false,"footnotes":"","jetpack_publicize_message":"","jetpack_publicize_feature_enabled":true,"jetpack_social_post_already_shared":true,"jetpack_social_options":{"image_generator_settings":{"template":"highway","default_image_id":0,"font":"","enabled":false},"version":2}},"categories":[11],"tags":[],"class_list":["post-284","post","type-post","status-publish","format-standard","has-post-thumbnail","hentry","category-pensionnes"],"jetpack_publicize_connections":[],"jetpack_featured_media_url":"https:\/\/i0.wp.com\/www.ovs-sic.be\/fr\/wp-content\/uploads\/sites\/4\/2017\/10\/Tabble-pension.jpg?fit=1643%2C745&ssl=1","jetpack_sharing_enabled":true,"jetpack_shortlink":"https:\/\/wp.me\/p9lyc6-4A","jetpack_likes_enabled":true,"jetpack-related-posts":[{"id":759,"url":"https:\/\/www.ovs-sic.be\/fr\/changement-pour-le-droit-a-lassurabilite-de-la-caisse-des-soins-de-sante-en-qualite-de-personne-a-charge-de-pensionnes\/","url_meta":{"origin":284,"position":0},"title":"CHANGEMENT POUR LE DROIT A L\u2019ASSURABILITE DE LA CAISSE DES SOINS DE SANTE EN QUALITE DE PERSONNE A CHARGE DE PENSIONNES !","author":"Admin","date":"28 janvier 2019","format":false,"excerpt":"Annulation du droit d\u2019option en qualit\u00e9 de personne \u00e0 charge pour les pensionn\u00e9s avec une carri\u00e8re professionnelle de moins d\u2019un tiers de carri\u00e8re compl\u00e8te \u00e0 partir du 01.01.2019. G\u00e9n\u00e9ralit\u00e9s A partir du 01\/01\/2019, les retrait\u00e9s et les veuves pouvant pr\u00e9tendre \u00e0 des soins m\u00e9dicaux sans paiement de cotisations personnelles, ne\u2026","rel":"","context":"Dans &quot;Infos G\u00e9n\u00e9rales&quot;","block_context":{"text":"Infos G\u00e9n\u00e9rales","link":"https:\/\/www.ovs-sic.be\/fr\/category\/algemeen\/"},"img":{"alt_text":"","src":"https:\/\/i0.wp.com\/www.ovs-sic.be\/fr\/wp-content\/uploads\/sites\/4\/2019\/01\/wood-play-money-nostalgia-blue-paper-920484-pxhere.com_.jpg?fit=1200%2C801&ssl=1&resize=350%2C200","width":350,"height":200,"srcset":"https:\/\/i0.wp.com\/www.ovs-sic.be\/fr\/wp-content\/uploads\/sites\/4\/2019\/01\/wood-play-money-nostalgia-blue-paper-920484-pxhere.com_.jpg?fit=1200%2C801&ssl=1&resize=350%2C200 1x, https:\/\/i0.wp.com\/www.ovs-sic.be\/fr\/wp-content\/uploads\/sites\/4\/2019\/01\/wood-play-money-nostalgia-blue-paper-920484-pxhere.com_.jpg?fit=1200%2C801&ssl=1&resize=525%2C300 1.5x, https:\/\/i0.wp.com\/www.ovs-sic.be\/fr\/wp-content\/uploads\/sites\/4\/2019\/01\/wood-play-money-nostalgia-blue-paper-920484-pxhere.com_.jpg?fit=1200%2C801&ssl=1&resize=700%2C400 2x, https:\/\/i0.wp.com\/www.ovs-sic.be\/fr\/wp-content\/uploads\/sites\/4\/2019\/01\/wood-play-money-nostalgia-blue-paper-920484-pxhere.com_.jpg?fit=1200%2C801&ssl=1&resize=1050%2C600 3x"},"classes":[]},{"id":324,"url":"https:\/\/www.ovs-sic.be\/fr\/centralisation-des-directions-de-la-sncb\/","url_meta":{"origin":284,"position":1},"title":"CENTRALISATION DES DIRECTIONS DE LA SNCB","author":"","date":"24 novembre 2017","format":false,"excerpt":"Les directions de la SNCB rassembl\u00e9es \u00e0 l\u2019horizon 2023 La SNCB a pris la d\u00e9cision de rassembler, \u00e0 l\u2019horizon 2023, les diff\u00e9rentes directions de l\u2019entreprise dans un m\u00eame lieu, \u00e0 proximit\u00e9 de la gare de Bruxelles-Midi. L\u2019objectif est de regrouper ainsi l\u2019ensemble de ses collaborateurs dans un lieu centralis\u00e9, pour\u2026","rel":"","context":"Dans &quot;Infos SNCB&quot;","block_context":{"text":"Infos SNCB","link":"https:\/\/www.ovs-sic.be\/fr\/category\/sncb\/"},"img":{"alt_text":"","src":"https:\/\/i0.wp.com\/www.ovs-sic.be\/fr\/wp-content\/uploads\/sites\/4\/2017\/11\/sncb.gif?resize=350%2C200&ssl=1","width":350,"height":200},"classes":[]},{"id":935,"url":"https:\/\/www.ovs-sic.be\/fr\/projet-accord-social-2020-2023\/","url_meta":{"origin":284,"position":2},"title":"PROJET ACCORD SOCIAL       2020 \u2013 2023","author":"","date":"8 novembre 2019","format":false,"excerpt":"Bien qu\u2019\u00e9tant exclu des n\u00e9gociations relatives au futur accord social, nous avons pris connaissance, gr\u00e2ce aux nombreuses fuites, des principaux axes qui constituent ce projet. \u00a0 La Direction pr\u00e9cise que les sujets ne peuvent en aucun cas \u00eatre consid\u00e9r\u00e9s individuellement ni consid\u00e9r\u00e9s comme \u00e9tant des faits acquis. \u00a0 1 Modernisation\u2026","rel":"","context":"Dans &quot;Infos G\u00e9n\u00e9rales&quot;","block_context":{"text":"Infos G\u00e9n\u00e9rales","link":"https:\/\/www.ovs-sic.be\/fr\/category\/algemeen\/"},"img":{"alt_text":"","src":"https:\/\/i0.wp.com\/www.ovs-sic.be\/fr\/wp-content\/uploads\/sites\/4\/2019\/11\/IMG_20191108_114159.jpg?fit=1200%2C900&ssl=1&resize=350%2C200","width":350,"height":200,"srcset":"https:\/\/i0.wp.com\/www.ovs-sic.be\/fr\/wp-content\/uploads\/sites\/4\/2019\/11\/IMG_20191108_114159.jpg?fit=1200%2C900&ssl=1&resize=350%2C200 1x, https:\/\/i0.wp.com\/www.ovs-sic.be\/fr\/wp-content\/uploads\/sites\/4\/2019\/11\/IMG_20191108_114159.jpg?fit=1200%2C900&ssl=1&resize=525%2C300 1.5x, https:\/\/i0.wp.com\/www.ovs-sic.be\/fr\/wp-content\/uploads\/sites\/4\/2019\/11\/IMG_20191108_114159.jpg?fit=1200%2C900&ssl=1&resize=700%2C400 2x, https:\/\/i0.wp.com\/www.ovs-sic.be\/fr\/wp-content\/uploads\/sites\/4\/2019\/11\/IMG_20191108_114159.jpg?fit=1200%2C900&ssl=1&resize=1050%2C600 3x"},"classes":[]},{"id":970,"url":"https:\/\/www.ovs-sic.be\/fr\/cpn-23-12-2019-%ef%83%a0-mesures-specifiques-pour-le-personnel-daccompagnement-des-trains\/","url_meta":{"origin":284,"position":3},"title":"CPN 23-12-2019 \uf0e0 MESURES SPECIFIQUES POUR LE PERSONNEL D\u2019ACCOMPAGNEMENT DES TRAINS","author":"","date":"31 d\u00e9cembre 2019","format":false,"excerpt":"La SNCB et les organisations syndicales repr\u00e9sent\u00e9es au sein des organes de concertation paritaires se sont rassembl\u00e9es autour de la table ces derni\u00e8res semaines pour mettre en place certaines mesures au sein de la fili\u00e8re accompagnement des trains. Le projet de document en annexe reprend les diff\u00e9rentes mesures qui seront\u2026","rel":"","context":"Dans &quot;Infos Asco&quot;","block_context":{"text":"Infos Asco","link":"https:\/\/www.ovs-sic.be\/fr\/category\/veco\/"},"img":{"alt_text":"","src":"https:\/\/i0.wp.com\/www.ovs-sic.be\/fr\/wp-content\/uploads\/sites\/4\/2019\/07\/IMG_20190712_143335.jpg?fit=1140%2C666&ssl=1&resize=350%2C200","width":350,"height":200,"srcset":"https:\/\/i0.wp.com\/www.ovs-sic.be\/fr\/wp-content\/uploads\/sites\/4\/2019\/07\/IMG_20190712_143335.jpg?fit=1140%2C666&ssl=1&resize=350%2C200 1x, https:\/\/i0.wp.com\/www.ovs-sic.be\/fr\/wp-content\/uploads\/sites\/4\/2019\/07\/IMG_20190712_143335.jpg?fit=1140%2C666&ssl=1&resize=525%2C300 1.5x, https:\/\/i0.wp.com\/www.ovs-sic.be\/fr\/wp-content\/uploads\/sites\/4\/2019\/07\/IMG_20190712_143335.jpg?fit=1140%2C666&ssl=1&resize=700%2C400 2x, https:\/\/i0.wp.com\/www.ovs-sic.be\/fr\/wp-content\/uploads\/sites\/4\/2019\/07\/IMG_20190712_143335.jpg?fit=1140%2C666&ssl=1&resize=1050%2C600 3x"},"classes":[]},{"id":344,"url":"https:\/\/www.ovs-sic.be\/fr\/intervention-aupres-de-ceo-de-sncb-suite-a-decision-de-payer-jours-de-credit\/","url_meta":{"origin":284,"position":4},"title":"INTERVENTION AUPRES DE LA CEO DE LA SNCB SUITE A LA DECISION DE PAYER LES JOURS DE CREDIT","author":"","date":"24 novembre 2017","format":false,"excerpt":"Bruxelles, le 15 novembre 2017 Ch\u00e8re Madame Dutordoir, Par la pr\u00e9sente, nous nous permettons de vous informer du m\u00e9contentement g\u00e9n\u00e9ralis\u00e9 du personnel de la SNCB qui est concern\u00e9 par la d\u00e9cision du Comit\u00e9 de Direction de proc\u00e9der au paiement d\u2019office des jours de cr\u00e9dit exc\u00e9dant le maximum autoris\u00e9, c'est-\u00e0-dire 35\u2026","rel":"","context":"Dans &quot;Infos SNCB&quot;","block_context":{"text":"Infos SNCB","link":"https:\/\/www.ovs-sic.be\/fr\/category\/sncb\/"},"img":{"alt_text":"","src":"https:\/\/i0.wp.com\/www.ovs-sic.be\/fr\/wp-content\/uploads\/sites\/4\/2017\/11\/dutordoir-e1508458339641-300x210.jpg?resize=350%2C200&ssl=1","width":350,"height":200},"classes":[]},{"id":1239,"url":"https:\/\/www.ovs-sic.be\/fr\/intervention-du-sic-la-reglementation-complexe-et-changeante-pour-les-conducteurs-de-train-au-sein-de-la-sncb\/","url_meta":{"origin":284,"position":5},"title":"Intervention du SIC : la r\u00e9glementation complexe et changeante pour les conducteurs de train au sein de la SNCB","author":"Admin","date":"2 juin 2023","format":false,"excerpt":"Vous trouverez ci-dessous la r\u00e9cente intervention du SIC \u00e0 M. Dobbelaere Stefaan, responsable de la formation et de la r\u00e9glementation des op\u00e9rations de transport, dans laquelle nous partageons notre vision de la r\u00e9glementation pour les conducteurs de train et du syst\u00e8me actuel d'\u00e9valuation continue au sein de la SNCB. Nous\u2026","rel":"","context":"Dans &quot;Infos G\u00e9n\u00e9rales&quot;","block_context":{"text":"Infos G\u00e9n\u00e9rales","link":"https:\/\/www.ovs-sic.be\/fr\/category\/algemeen\/"},"img":{"alt_text":"","src":"https:\/\/i0.wp.com\/www.ovs-sic.be\/fr\/wp-content\/uploads\/sites\/4\/2023\/06\/stuurpost.jpg?fit=1200%2C540&ssl=1&resize=350%2C200","width":350,"height":200,"srcset":"https:\/\/i0.wp.com\/www.ovs-sic.be\/fr\/wp-content\/uploads\/sites\/4\/2023\/06\/stuurpost.jpg?fit=1200%2C540&ssl=1&resize=350%2C200 1x, https:\/\/i0.wp.com\/www.ovs-sic.be\/fr\/wp-content\/uploads\/sites\/4\/2023\/06\/stuurpost.jpg?fit=1200%2C540&ssl=1&resize=525%2C300 1.5x, https:\/\/i0.wp.com\/www.ovs-sic.be\/fr\/wp-content\/uploads\/sites\/4\/2023\/06\/stuurpost.jpg?fit=1200%2C540&ssl=1&resize=700%2C400 2x, https:\/\/i0.wp.com\/www.ovs-sic.be\/fr\/wp-content\/uploads\/sites\/4\/2023\/06\/stuurpost.jpg?fit=1200%2C540&ssl=1&resize=1050%2C600 3x"},"classes":[]}],"_links":{"self":[{"href":"https:\/\/www.ovs-sic.be\/fr\/wp-json\/wp\/v2\/posts\/284","targetHints":{"allow":["GET"]}}],"collection":[{"href":"https:\/\/www.ovs-sic.be\/fr\/wp-json\/wp\/v2\/posts"}],"about":[{"href":"https:\/\/www.ovs-sic.be\/fr\/wp-json\/wp\/v2\/types\/post"}],"author":[{"embeddable":true,"href":"https:\/\/www.ovs-sic.be\/fr\/wp-json\/wp\/v2\/users\/2"}],"replies":[{"embeddable":true,"href":"https:\/\/www.ovs-sic.be\/fr\/wp-json\/wp\/v2\/comments?post=284"}],"version-history":[{"count":4,"href":"https:\/\/www.ovs-sic.be\/fr\/wp-json\/wp\/v2\/posts\/284\/revisions"}],"predecessor-version":[{"id":300,"href":"https:\/\/www.ovs-sic.be\/fr\/wp-json\/wp\/v2\/posts\/284\/revisions\/300"}],"wp:featuredmedia":[{"embeddable":true,"href":"https:\/\/www.ovs-sic.be\/fr\/wp-json\/wp\/v2\/media\/283"}],"wp:attachment":[{"href":"https:\/\/www.ovs-sic.be\/fr\/wp-json\/wp\/v2\/media?parent=284"}],"wp:term":[{"taxonomy":"category","embeddable":true,"href":"https:\/\/www.ovs-sic.be\/fr\/wp-json\/wp\/v2\/categories?post=284"},{"taxonomy":"post_tag","embeddable":true,"href":"https:\/\/www.ovs-sic.be\/fr\/wp-json\/wp\/v2\/tags?post=284"}],"curies":[{"name":"wp","href":"https:\/\/api.w.org\/{rel}","templated":true}]}}