{"id":225,"date":"2017-11-01T01:36:15","date_gmt":"2017-11-01T00:36:15","guid":{"rendered":"https:\/\/www.ovs-sic.be\/fr\/?p=225"},"modified":"2017-11-04T02:58:39","modified_gmt":"2017-11-04T01:58:39","slug":"pres-de-2000-emplois-perdus-depuis-2016-aux-chemins-de-fer-belges","status":"publish","type":"post","link":"https:\/\/www.ovs-sic.be\/fr\/pres-de-2000-emplois-perdus-depuis-2016-aux-chemins-de-fer-belges\/","title":{"rendered":"PRES DE 2000 EMPLOIS PERDUS DEPUIS 2016 AUX CHEMINS DE FER BELGES"},"content":{"rendered":"<p style=\"text-align: justify;\"><span style=\"font-weight: 400;\">Interrog\u00e9 en Commission Infrastructure de la Chambre, le Ministre Bellot estime que le nombre actuel de cheminots travaillant au sein des Chemins de fer belges est en phase avec les d\u00e9cisions avalis\u00e9es lors du dernier protocole d\u2019accord social.<\/span><\/p>\n<p style=\"text-align: justify;\"><span style=\"font-weight: 400;\">Ci-dessous, nous reproduisons sa r\u00e9ponse :<\/span><\/p>\n<p style=\"text-align: justify;\"><span style=\"font-weight: 400;\"><img data-recalc-dims=\"1\" loading=\"lazy\" decoding=\"async\" data-attachment-id=\"226\" data-permalink=\"https:\/\/www.ovs-sic.be\/fr\/pres-de-2000-emplois-perdus-depuis-2016-aux-chemins-de-fer-belges\/bellot\/\" data-orig-file=\"https:\/\/i0.wp.com\/www.ovs-sic.be\/fr\/wp-content\/uploads\/sites\/4\/2017\/10\/bellot.jpg?fit=343%2C286&amp;ssl=1\" data-orig-size=\"343,286\" data-comments-opened=\"1\" data-image-meta=\"{&quot;aperture&quot;:&quot;0&quot;,&quot;credit&quot;:&quot;&quot;,&quot;camera&quot;:&quot;&quot;,&quot;caption&quot;:&quot;&quot;,&quot;created_timestamp&quot;:&quot;0&quot;,&quot;copyright&quot;:&quot;&quot;,&quot;focal_length&quot;:&quot;0&quot;,&quot;iso&quot;:&quot;0&quot;,&quot;shutter_speed&quot;:&quot;0&quot;,&quot;title&quot;:&quot;&quot;,&quot;orientation&quot;:&quot;0&quot;}\" data-image-title=\"bellot\" data-image-description=\"\" data-image-caption=\"\" data-medium-file=\"https:\/\/i0.wp.com\/www.ovs-sic.be\/fr\/wp-content\/uploads\/sites\/4\/2017\/10\/bellot.jpg?fit=300%2C250&amp;ssl=1\" data-large-file=\"https:\/\/i0.wp.com\/www.ovs-sic.be\/fr\/wp-content\/uploads\/sites\/4\/2017\/10\/bellot.jpg?fit=343%2C286&amp;ssl=1\" class=\"size-medium wp-image-226 alignleft\" src=\"https:\/\/i0.wp.com\/www.ovs-sic.be\/fr\/wp-content\/uploads\/sites\/4\/2017\/10\/bellot.jpg?resize=300%2C250&#038;ssl=1\" alt=\"\" width=\"300\" height=\"250\" srcset=\"https:\/\/i0.wp.com\/www.ovs-sic.be\/fr\/wp-content\/uploads\/sites\/4\/2017\/10\/bellot.jpg?resize=300%2C250&amp;ssl=1 300w, https:\/\/i0.wp.com\/www.ovs-sic.be\/fr\/wp-content\/uploads\/sites\/4\/2017\/10\/bellot.jpg?w=343&amp;ssl=1 343w\" sizes=\"auto, (max-width: 300px) 100vw, 300px\" \/>&#8211; <\/span><i><span style=\"font-weight: 400;\">\u00ab\u00a0Sur la base des \u00e9l\u00e9ments figurant dans le protocole d&rsquo;accord social, l&rsquo;effectif des chemins de fer belges, \u00e0 la date du 31 d\u00e9cembre 2018, est estim\u00e9 \u00e0 31 765 personnes. Par entreprise, cela donne la r\u00e9partition suivante: pour Infrabel, 11 009 personnes; pour la SNCB, 19 128 personnes; pour HR, 728 personnes; nombre de personnes d\u00e9tach\u00e9es, plus ou moins 900.<\/span><\/i><\/p>\n<p style=\"text-align: justify;\"><i><span style=\"font-weight: 400;\">Ces chiffres sont tributaires de plusieurs facteurs influen\u00e7ant l&#8217;emploi, comme la conclusion des plans d&rsquo;entreprise et des contrats de gestion. Ces facteurs n&rsquo;\u00e9taient pas encore connus au moment de la conclusion du protocole de l&rsquo;accord social. HR nous communique que le nombre d&rsquo;effectifs pour l&rsquo;ensemble du groupe ferroviaire s&rsquo;\u00e9levait \u00e0 33 697 pour 2016, et \u00e0 31 832 pour 2017. Cependant, il est difficile de nous prononcer sur l&rsquo;\u00e9volution de l&rsquo;effectif pour les prochaines ann\u00e9es car les soci\u00e9t\u00e9s sont aujourd&rsquo;hui confront\u00e9es \u00e0 des d\u00e9parts massifs \u00e0 la retraite, plus importants qu&rsquo;estim\u00e9s. Les soci\u00e9t\u00e9s mettent toutefois tout en \u0153uvre pour pallier ces d\u00e9parts massifs au travers de larges campagnes de recrutement en collaboration avec HR-Rail. HR organise des actions pour attirer un maximum de candidats vers les m\u00e9tiers du rail.<\/span><\/i><\/p>\n<p style=\"text-align: justify;\"><i><span style=\"font-weight: 400;\">\u00c0 ce titre, elle organise des dizaines de Job Days et participe \u00e0 plusieurs dizaines de salons de l&#8217;emploi. Elle organise \u00e9norm\u00e9ment de visites d&rsquo;\u00e9coles et am\u00e8ne un grand nombre d&rsquo;\u00e9tudiants \u00e0 visiter les ateliers de la SNCB et d&rsquo;Infrabel, met sur pied des concours, est pr\u00e9sente dans les m\u00e9dias sociaux (Facebook et Linkedin), dans les m\u00e9dias classiques ainsi qu&rsquo;\u00e0 la t\u00e9l\u00e9vision et dans les salles de cin\u00e9ma. Elle lance des actions telles que Refer a Friend. Elle a lanc\u00e9, d\u00e9but 2016, en collaboration avec les services de communication de la SNCB et d&rsquo;Infrabel une toute nouvelle campagne \u00ab\u00a0Hier ton r\u00eave, aujourd&rsquo;hui ton job\u00a0\u00bb. Elle r\u00e9actualise son site internet d\u00e9di\u00e9 au recrutement. Elle a d\u00e9velopp\u00e9 un simulateur de trains et de trains techniques utilis\u00e9s lors de job events, disponibles sur le site internet en tant qu&rsquo;application andro\u00efde et IOS. Elle participe \u00e0 diff\u00e9rents projets de formation avec le VDAB et le FOREM. Elle a organis\u00e9 diff\u00e9rentes actions d&rsquo;\u00e9t\u00e9 dans les gares pour sensibiliser le public aux m\u00e9tiers ferroviaires, d\u00e9veloppe des actions en faveur de la diversit\u00e9. Elle a lanc\u00e9 le pelliculage de certains trains en faveur de son site internet et de son recrutement. Elle organisera d\u00e9but 2017 \u00ab\u00a0Un train pour l&#8217;emploi\u00a0\u00bb.<\/span><\/i><\/p>\n<p style=\"text-align: justify;\"><i><span style=\"font-weight: 400;\">\u00c0 titre informatif, Infrabel a recrut\u00e9 467 personnes en 2016 et 300 rien que de janvier \u00e0 juin 2017. Cette forte progression s&rsquo;explique par le grand succ\u00e8s des job days organis\u00e9s. En outre, pour la SNCB, il est pr\u00e9vu d&rsquo;engager, avant la fin de cette ann\u00e9e, 472 conducteurs et 312 accompagnateurs de train afin de pallier les d\u00e9parts \u00e0 la pension \u00e9voqu\u00e9s plus haut et d&rsquo;assurer ainsi la bonne mise en \u0153uvre du plan de transport de d\u00e9cembre 2017. Il faut aussi savoir que le groupe SNCB sera le quatri\u00e8me plus gros recruteur en Belgique au cours de l&rsquo;ann\u00e9e 2017\u00a0\u00bb.<\/span><\/i><\/p>\n<p style=\"text-align: justify;\"><span style=\"font-weight: 400;\">Chacun remarquera que le Ministre prend beaucoup de libert\u00e9 dans les r\u00e8gles math\u00e9matiques et que sa calculette avance de deux ans!<\/span><\/p>\n<p style=\"text-align: justify;\"><span style=\"font-weight: 400;\">En effet, l\u2019effectif actuel est d\u00e9j\u00e0 en de\u00e7\u00e0 des pr\u00e9visions pour fin 2018 act\u00e9es dans l\u2019accord social : au 18\/06\/2017, les Chemins de fer belges employaient 31718 cheminots soit d\u00e9j\u00e0 un d\u00e9ficit de 47 agents! <\/span><\/p>\n<p style=\"text-align: justify;\"><span style=\"font-weight: 400;\">D\u2019autre part, monsieur Bellot annonce le recrutement en 2017 de pr\u00e8s de 800 agents dans le cadre du roulant pour pallier le d\u00e9part des futurs retrait\u00e9s et affronter ainsi la nouvelle offre de transport en d\u00e9cembre 2017.<\/span><\/p>\n<p style=\"text-align: justify;\"><span style=\"font-weight: 400;\">D\u00e8s aujourd\u2019hui, nous pouvons affirmer que ce contingent ne sera jamais atteint car il n\u2019y aura pas assez de laur\u00e9ats et a fortiori d\u2019agents r\u00e9gularis\u00e9s pour faire face \u00e0 l\u2019augmentation de l\u2019offre voyageurs.<\/span><\/p>\n<p style=\"text-align: justify;\"><span style=\"font-weight: 400;\">Bien que non \u00e9voqu\u00e9 par le ministre, le manque criant de personnel dans les autres directions op\u00e9rationnelles est d\u00e9j\u00e0 probl\u00e9matiques aujourd\u2019hui; demain, \u00e0 cause de l\u2019insuffisance de recrutements, la situation sera ing\u00e9rable.<\/span><\/p>\n<p style=\"text-align: justify;\"><span style=\"font-weight: 400;\">A noter, que les propos peu coh\u00e9rents de monsieur Bellot n\u2019ont pas soulev\u00e9 de grandes interrogations des parlementaires si\u00e9geant en Commission Infrastructure.<\/span><\/p>\n","protected":false},"excerpt":{"rendered":"<p>Interrog\u00e9 en Commission Infrastructure de la Chambre, le Ministre Bellot estime que le nombre actuel de cheminots travaillant au sein des Chemins de fer belges est en phase avec les &hellip; <\/p>\n","protected":false},"author":1,"featured_media":226,"comment_status":"open","ping_status":"open","sticky":false,"template":"","format":"standard","meta":{"jetpack_post_was_ever_published":false,"_jetpack_newsletter_access":"","_jetpack_dont_email_post_to_subs":false,"_jetpack_newsletter_tier_id":0,"_jetpack_memberships_contains_paywalled_content":false,"_jetpack_memberships_contains_paid_content":false,"footnotes":"","jetpack_publicize_message":"","jetpack_publicize_feature_enabled":true,"jetpack_social_post_already_shared":true,"jetpack_social_options":{"image_generator_settings":{"template":"highway","default_image_id":0,"font":"","enabled":false},"version":2}},"categories":[6,10],"tags":[],"class_list":["post-225","post","type-post","status-publish","format-standard","has-post-thumbnail","hentry","category-algemeen","category-hrrail"],"jetpack_publicize_connections":[],"jetpack_featured_media_url":"https:\/\/i0.wp.com\/www.ovs-sic.be\/fr\/wp-content\/uploads\/sites\/4\/2017\/10\/bellot.jpg?fit=343%2C286&ssl=1","jetpack_sharing_enabled":true,"jetpack_shortlink":"https:\/\/wp.me\/p9lyc6-3D","jetpack_likes_enabled":true,"jetpack-related-posts":[{"id":1250,"url":"https:\/\/www.ovs-sic.be\/fr\/discrimination-a-lencontre-des-employes-statutaires-des-chemins-de-fer-belges\/","url_meta":{"origin":225,"position":0},"title":"Discrimination \u00e0 l&rsquo;encontre des employ\u00e9s statutaires des chemins de fer belges","author":"Admin","date":"7 juin 2023","format":false,"excerpt":"Le SIC est intervenu aupr\u00e8s du Directeur G\u00e9n\u00e9ral de HR-RAIL pour d\u00e9noncer la discrimination des employ\u00e9s statutaires chez HR-Rail, notamment en ce qui concerne les cong\u00e9s de maladie et les droits de cong\u00e9 par rapport \u00e0 leurs coll\u00e8gues contractuels. Nous appelons HR-RAIL \u00e0 agir pour corriger ces in\u00e9galit\u00e9s et soulignons\u2026","rel":"","context":"Dans &quot;Infos G\u00e9n\u00e9rales&quot;","block_context":{"text":"Infos G\u00e9n\u00e9rales","link":"https:\/\/www.ovs-sic.be\/fr\/category\/algemeen\/"},"img":{"alt_text":"","src":"https:\/\/i0.wp.com\/www.ovs-sic.be\/fr\/wp-content\/uploads\/sites\/4\/2021\/09\/LEDENGELD-1.png?fit=640%2C318&ssl=1&resize=350%2C200","width":350,"height":200,"srcset":"https:\/\/i0.wp.com\/www.ovs-sic.be\/fr\/wp-content\/uploads\/sites\/4\/2021\/09\/LEDENGELD-1.png?fit=640%2C318&ssl=1&resize=350%2C200 1x, https:\/\/i0.wp.com\/www.ovs-sic.be\/fr\/wp-content\/uploads\/sites\/4\/2021\/09\/LEDENGELD-1.png?fit=640%2C318&ssl=1&resize=525%2C300 1.5x"},"classes":[]},{"id":726,"url":"https:\/\/www.ovs-sic.be\/fr\/elections-sociales-resultats%ef%bb%bf\/","url_meta":{"origin":225,"position":1},"title":"ELECTIONS SOCIALES \u2013 RESULTATS\ufeff","author":"Admin","date":"7 janvier 2019","format":false,"excerpt":"Le Syndicat ind\u00e9pendant pour Cheminots a d\u00e9croch\u00e9 21 mandats effectifs et 21 mandats de suppl\u00e9ants pour repr\u00e9senter les travailleurs au sein de divers organes soumis aux \u00e9lections sociales. Toutes nos f\u00e9licitations aux nouveaux mandataires. Le SIC devient incontestablement la 3\u00e8me force syndicale au sein des Chemins de fer belges. En\u2026","rel":"","context":"Dans &quot;Infos G\u00e9n\u00e9rales&quot;","block_context":{"text":"Infos G\u00e9n\u00e9rales","link":"https:\/\/www.ovs-sic.be\/fr\/category\/algemeen\/"},"img":{"alt_text":"","src":"https:\/\/i0.wp.com\/www.ovs-sic.be\/fr\/wp-content\/uploads\/sites\/4\/2019\/01\/kaderwordpress.png?fit=1200%2C675&ssl=1&resize=350%2C200","width":350,"height":200,"srcset":"https:\/\/i0.wp.com\/www.ovs-sic.be\/fr\/wp-content\/uploads\/sites\/4\/2019\/01\/kaderwordpress.png?fit=1200%2C675&ssl=1&resize=350%2C200 1x, https:\/\/i0.wp.com\/www.ovs-sic.be\/fr\/wp-content\/uploads\/sites\/4\/2019\/01\/kaderwordpress.png?fit=1200%2C675&ssl=1&resize=525%2C300 1.5x, https:\/\/i0.wp.com\/www.ovs-sic.be\/fr\/wp-content\/uploads\/sites\/4\/2019\/01\/kaderwordpress.png?fit=1200%2C675&ssl=1&resize=700%2C400 2x, https:\/\/i0.wp.com\/www.ovs-sic.be\/fr\/wp-content\/uploads\/sites\/4\/2019\/01\/kaderwordpress.png?fit=1200%2C675&ssl=1&resize=1050%2C600 3x"},"classes":[]},{"id":955,"url":"https:\/\/www.ovs-sic.be\/fr\/arret-de-travail-du-18-au-19-decembre-2019-position-du-sic\/","url_meta":{"origin":225,"position":2},"title":"ARRET DE TRAVAIL DU 18 AU 19 DECEMBRE 2019, POSITION DU SIC","author":"","date":"14 d\u00e9cembre 2019","format":false,"excerpt":"Avis Syndical SIC (gr\u00e8ve 19 d\u00e9cembre)Download Apr\u00e8s avoir consult\u00e9 les membres du Comit\u00e9 Directeur de notre organisation, nous avons d\u00e9cid\u00e9 de suivre le mouvement de gr\u00e8ve du 18-12-2019 \u00e0 22H jusqu\u2019au 19-12-2019 \u00e0 22H. A titre d\u2019information, le SIC n\u2019a re\u00e7u aucune pr\u00e9cision de la part d\u2019HR RAIL quant au\u2026","rel":"","context":"Dans &quot;Infos G\u00e9n\u00e9rales&quot;","block_context":{"text":"Infos G\u00e9n\u00e9rales","link":"https:\/\/www.ovs-sic.be\/fr\/category\/algemeen\/"},"img":{"alt_text":"","src":"https:\/\/i0.wp.com\/www.ovs-sic.be\/fr\/wp-content\/uploads\/sites\/4\/2019\/12\/IMG_20191217_104431_resized_20191217_104613673.jpg?fit=1200%2C934&ssl=1&resize=350%2C200","width":350,"height":200,"srcset":"https:\/\/i0.wp.com\/www.ovs-sic.be\/fr\/wp-content\/uploads\/sites\/4\/2019\/12\/IMG_20191217_104431_resized_20191217_104613673.jpg?fit=1200%2C934&ssl=1&resize=350%2C200 1x, https:\/\/i0.wp.com\/www.ovs-sic.be\/fr\/wp-content\/uploads\/sites\/4\/2019\/12\/IMG_20191217_104431_resized_20191217_104613673.jpg?fit=1200%2C934&ssl=1&resize=525%2C300 1.5x, https:\/\/i0.wp.com\/www.ovs-sic.be\/fr\/wp-content\/uploads\/sites\/4\/2019\/12\/IMG_20191217_104431_resized_20191217_104613673.jpg?fit=1200%2C934&ssl=1&resize=700%2C400 2x, https:\/\/i0.wp.com\/www.ovs-sic.be\/fr\/wp-content\/uploads\/sites\/4\/2019\/12\/IMG_20191217_104431_resized_20191217_104613673.jpg?fit=1200%2C934&ssl=1&resize=1050%2C600 3x"},"classes":[]},{"id":871,"url":"https:\/\/www.ovs-sic.be\/fr\/871-2\/","url_meta":{"origin":225,"position":3},"title":"Projet de protocole d&rsquo;accord social 2020-2022","author":"","date":"9 juillet 2019","format":false,"excerpt":"Les informations ayant filtr\u00e9 font \u00e9tat d\u2019une volont\u00e9 non dissimul\u00e9e de la part des dirigeants des trois soci\u00e9t\u00e9s d\u2019augmenter \u00e0 nouveau la productivit\u00e9 via en modifiant radicalement le temps de travail. On parle notamment de la fin du r\u00e9gime des 36 heures \/semaine et donc du retour aux 38 heures\/semaine\u2026","rel":"","context":"Dans &quot;Infos G\u00e9n\u00e9rales&quot;","block_context":{"text":"Infos G\u00e9n\u00e9rales","link":"https:\/\/www.ovs-sic.be\/fr\/category\/algemeen\/"},"img":{"alt_text":"","src":"https:\/\/i0.wp.com\/www.ovs-sic.be\/fr\/wp-content\/uploads\/sites\/4\/2019\/07\/black-and-white-white-petal-paper-material-card-1143539-pxhere.com_.jpg?fit=720%2C478&ssl=1&resize=350%2C200","width":350,"height":200,"srcset":"https:\/\/i0.wp.com\/www.ovs-sic.be\/fr\/wp-content\/uploads\/sites\/4\/2019\/07\/black-and-white-white-petal-paper-material-card-1143539-pxhere.com_.jpg?fit=720%2C478&ssl=1&resize=350%2C200 1x, https:\/\/i0.wp.com\/www.ovs-sic.be\/fr\/wp-content\/uploads\/sites\/4\/2019\/07\/black-and-white-white-petal-paper-material-card-1143539-pxhere.com_.jpg?fit=720%2C478&ssl=1&resize=525%2C300 1.5x, https:\/\/i0.wp.com\/www.ovs-sic.be\/fr\/wp-content\/uploads\/sites\/4\/2019\/07\/black-and-white-white-petal-paper-material-card-1143539-pxhere.com_.jpg?fit=720%2C478&ssl=1&resize=700%2C400 2x"},"classes":[]},{"id":1065,"url":"https:\/\/www.ovs-sic.be\/fr\/assurance-hospitalisation-2021-explosion-des-tarifs\/","url_meta":{"origin":225,"position":4},"title":"ASSURANCE HOSPITALISATION 2021 : EXPLOSION DES TARIFS","author":"Admin","date":"3 janvier 2021","format":false,"excerpt":"Dans le cadre d\u2019un nouvel accord social qui se fait attendre depuis 2019 et ainsi pr\u00e9server la paix sociale au sein des Chemins de fer belges suite aux actions syndicales de fin 2019, HR RAIL avait promis la poursuite de l\u2019assurance collective hospitalisation en 2021. Nous constatons que les conditions\u2026","rel":"","context":"Dans &quot;Infos G\u00e9n\u00e9rales&quot;","block_context":{"text":"Infos G\u00e9n\u00e9rales","link":"https:\/\/www.ovs-sic.be\/fr\/category\/algemeen\/"},"img":{"alt_text":"","src":"https:\/\/i0.wp.com\/www.ovs-sic.be\/fr\/wp-content\/uploads\/sites\/4\/2018\/04\/inapt.png?fit=900%2C550&ssl=1&resize=350%2C200","width":350,"height":200,"srcset":"https:\/\/i0.wp.com\/www.ovs-sic.be\/fr\/wp-content\/uploads\/sites\/4\/2018\/04\/inapt.png?fit=900%2C550&ssl=1&resize=350%2C200 1x, https:\/\/i0.wp.com\/www.ovs-sic.be\/fr\/wp-content\/uploads\/sites\/4\/2018\/04\/inapt.png?fit=900%2C550&ssl=1&resize=525%2C300 1.5x, https:\/\/i0.wp.com\/www.ovs-sic.be\/fr\/wp-content\/uploads\/sites\/4\/2018\/04\/inapt.png?fit=900%2C550&ssl=1&resize=700%2C400 2x"},"classes":[]},{"id":937,"url":"https:\/\/www.ovs-sic.be\/fr\/nouvelles-mesures-disciplinaires\/","url_meta":{"origin":225,"position":5},"title":"NOUVELLES MESURES DISCIPLINAIRES AU 01-10-2019","author":"","date":"8 novembre 2019","format":false,"excerpt":"Les objectifs de cette \u00e9volution r\u00e9glementaire sont multiples. En effet, HR Rail a souhait\u00e9 viser la modernisation, la simplification, l'humanisation et la s\u00e9curit\u00e9 pour l'ensemble des collaborateurs des Chemins de fer belges. Au niveau de la modernisation, une actualisation des textes a permis de remplacer les appellations d\u00e9su\u00e8tes dans un\u2026","rel":"","context":"Dans &quot;Infos G\u00e9n\u00e9rales&quot;","block_context":{"text":"Infos G\u00e9n\u00e9rales","link":"https:\/\/www.ovs-sic.be\/fr\/category\/algemeen\/"},"img":{"alt_text":"","src":"https:\/\/i0.wp.com\/www.ovs-sic.be\/fr\/wp-content\/uploads\/sites\/4\/2019\/10\/IMG_20191029_153320_resized_20191030_105359194.jpg?fit=1200%2C900&ssl=1&resize=350%2C200","width":350,"height":200,"srcset":"https:\/\/i0.wp.com\/www.ovs-sic.be\/fr\/wp-content\/uploads\/sites\/4\/2019\/10\/IMG_20191029_153320_resized_20191030_105359194.jpg?fit=1200%2C900&ssl=1&resize=350%2C200 1x, https:\/\/i0.wp.com\/www.ovs-sic.be\/fr\/wp-content\/uploads\/sites\/4\/2019\/10\/IMG_20191029_153320_resized_20191030_105359194.jpg?fit=1200%2C900&ssl=1&resize=525%2C300 1.5x, https:\/\/i0.wp.com\/www.ovs-sic.be\/fr\/wp-content\/uploads\/sites\/4\/2019\/10\/IMG_20191029_153320_resized_20191030_105359194.jpg?fit=1200%2C900&ssl=1&resize=700%2C400 2x, https:\/\/i0.wp.com\/www.ovs-sic.be\/fr\/wp-content\/uploads\/sites\/4\/2019\/10\/IMG_20191029_153320_resized_20191030_105359194.jpg?fit=1200%2C900&ssl=1&resize=1050%2C600 3x"},"classes":[]}],"_links":{"self":[{"href":"https:\/\/www.ovs-sic.be\/fr\/wp-json\/wp\/v2\/posts\/225","targetHints":{"allow":["GET"]}}],"collection":[{"href":"https:\/\/www.ovs-sic.be\/fr\/wp-json\/wp\/v2\/posts"}],"about":[{"href":"https:\/\/www.ovs-sic.be\/fr\/wp-json\/wp\/v2\/types\/post"}],"author":[{"embeddable":true,"href":"https:\/\/www.ovs-sic.be\/fr\/wp-json\/wp\/v2\/users\/1"}],"replies":[{"embeddable":true,"href":"https:\/\/www.ovs-sic.be\/fr\/wp-json\/wp\/v2\/comments?post=225"}],"version-history":[{"count":1,"href":"https:\/\/www.ovs-sic.be\/fr\/wp-json\/wp\/v2\/posts\/225\/revisions"}],"predecessor-version":[{"id":227,"href":"https:\/\/www.ovs-sic.be\/fr\/wp-json\/wp\/v2\/posts\/225\/revisions\/227"}],"wp:featuredmedia":[{"embeddable":true,"href":"https:\/\/www.ovs-sic.be\/fr\/wp-json\/wp\/v2\/media\/226"}],"wp:attachment":[{"href":"https:\/\/www.ovs-sic.be\/fr\/wp-json\/wp\/v2\/media?parent=225"}],"wp:term":[{"taxonomy":"category","embeddable":true,"href":"https:\/\/www.ovs-sic.be\/fr\/wp-json\/wp\/v2\/categories?post=225"},{"taxonomy":"post_tag","embeddable":true,"href":"https:\/\/www.ovs-sic.be\/fr\/wp-json\/wp\/v2\/tags?post=225"}],"curies":[{"name":"wp","href":"https:\/\/api.w.org\/{rel}","templated":true}]}}