{"id":204,"date":"2017-10-13T00:56:10","date_gmt":"2017-10-12T22:56:10","guid":{"rendered":"https:\/\/www.ovs-sic.be\/fr\/?p=204"},"modified":"2017-10-13T00:56:44","modified_gmt":"2017-10-12T22:56:44","slug":"b-logistics-devient-lineas","status":"publish","type":"post","link":"https:\/\/www.ovs-sic.be\/fr\/b-logistics-devient-lineas\/","title":{"rendered":"B-LOGISTICS DEVIENT LINEAS"},"content":{"rendered":"<p style=\"text-align: justify;\"><img data-recalc-dims=\"1\" loading=\"lazy\" decoding=\"async\" data-attachment-id=\"205\" data-permalink=\"https:\/\/www.ovs-sic.be\/fr\/b-logistics-devient-lineas\/lineas\/\" data-orig-file=\"https:\/\/i0.wp.com\/www.ovs-sic.be\/fr\/wp-content\/uploads\/sites\/4\/2017\/10\/LINEAS.jpg?fit=2008%2C1388&amp;ssl=1\" data-orig-size=\"2008,1388\" data-comments-opened=\"1\" data-image-meta=\"{&quot;aperture&quot;:&quot;0&quot;,&quot;credit&quot;:&quot;&quot;,&quot;camera&quot;:&quot;&quot;,&quot;caption&quot;:&quot;&quot;,&quot;created_timestamp&quot;:&quot;0&quot;,&quot;copyright&quot;:&quot;&quot;,&quot;focal_length&quot;:&quot;0&quot;,&quot;iso&quot;:&quot;0&quot;,&quot;shutter_speed&quot;:&quot;0&quot;,&quot;title&quot;:&quot;&quot;,&quot;orientation&quot;:&quot;0&quot;}\" data-image-title=\"LINEAS\" data-image-description=\"\" data-image-caption=\"\" data-medium-file=\"https:\/\/i0.wp.com\/www.ovs-sic.be\/fr\/wp-content\/uploads\/sites\/4\/2017\/10\/LINEAS.jpg?fit=300%2C207&amp;ssl=1\" data-large-file=\"https:\/\/i0.wp.com\/www.ovs-sic.be\/fr\/wp-content\/uploads\/sites\/4\/2017\/10\/LINEAS.jpg?fit=735%2C508&amp;ssl=1\" class=\"size-medium wp-image-205 alignright\" src=\"https:\/\/i0.wp.com\/www.ovs-sic.be\/fr\/wp-content\/uploads\/sites\/4\/2017\/10\/LINEAS.jpg?resize=300%2C207&#038;ssl=1\" alt=\"\" width=\"300\" height=\"207\" srcset=\"https:\/\/i0.wp.com\/www.ovs-sic.be\/fr\/wp-content\/uploads\/sites\/4\/2017\/10\/LINEAS.jpg?resize=300%2C207&amp;ssl=1 300w, https:\/\/i0.wp.com\/www.ovs-sic.be\/fr\/wp-content\/uploads\/sites\/4\/2017\/10\/LINEAS.jpg?resize=768%2C531&amp;ssl=1 768w, https:\/\/i0.wp.com\/www.ovs-sic.be\/fr\/wp-content\/uploads\/sites\/4\/2017\/10\/LINEAS.jpg?resize=1024%2C708&amp;ssl=1 1024w, https:\/\/i0.wp.com\/www.ovs-sic.be\/fr\/wp-content\/uploads\/sites\/4\/2017\/10\/LINEAS.jpg?resize=135%2C93&amp;ssl=1 135w, https:\/\/i0.wp.com\/www.ovs-sic.be\/fr\/wp-content\/uploads\/sites\/4\/2017\/10\/LINEAS.jpg?resize=1320%2C912&amp;ssl=1 1320w, https:\/\/i0.wp.com\/www.ovs-sic.be\/fr\/wp-content\/uploads\/sites\/4\/2017\/10\/LINEAS.jpg?w=2008&amp;ssl=1 2008w, https:\/\/i0.wp.com\/www.ovs-sic.be\/fr\/wp-content\/uploads\/sites\/4\/2017\/10\/LINEAS.jpg?w=1470&amp;ssl=1 1470w\" sizes=\"auto, (max-width: 300px) 100vw, 300px\" \/>Le 27 avril, B-Logistics, anciennement B-Cargo, a chang\u00e9 de nom et d&rsquo;identit\u00e9 visuelle. En tant que \u2018Lineas\u2019, l\u2019entreprise ferroviaire veut se profiler comme un partenaire autonome du r\u00e9seau ferroviaire belge avec un nom puissant au caract\u00e8re international.<\/p>\n<p style=\"text-align: justify;\">\u00ab\u00a0Notre nouveau nom devait imp\u00e9rativement \u00eatre quelque chose totalement neuf et facile \u00e0 utiliser \u00e0 l\u2019international\u201d, explique le CEO, Geert Pauwels. \u00ab\u00a0Lineas illustre \u00e9galement le lien avec l\u2019activit\u00e9 de l\u2019entreprise : proposer des liaisons ferroviaires directes pour le transport de marchandises\u00a0\u00bb. Une mani\u00e8re aussi pour l\u2019entreprise de marquer sa volont\u00e9 de se d\u00e9velopper de mani\u00e8re encore plus forte au niveau europ\u00e9en.<\/p>\n<p style=\"text-align: justify;\">La nouvelle appellation de l&rsquo;entreprise s\u2019accompagne de quelques changements pratiques avec une p\u00e9riode de transition du 27 avril au 11 juin car l\u2019int\u00e9gration du nouveau nom dans les syst\u00e8mes IT se fera au 11 juin. Lors de cette p\u00e9riode transitoire, l\u2019ancien nom sera conserv\u00e9 dans les syst\u00e8mes informatiques mais dans les communications entre l\u2019entreprise ferroviaire et les cabines de signalisation, le nouveau nom peut par contre d\u00e9j\u00e0 \u00eatre utilis\u00e9. Les adresses mail sont d\u00e9j\u00e0 adapt\u00e9es depuis le 27 avril.<\/p>\n<p style=\"text-align: justify;\">Ce changement de nom est le point d\u2019orgue de la transformation entam\u00e9e depuis plusieurs ann\u00e9es par l\u2019entreprise. Depuis 2009, B-Logistics\/Lineas est pass\u00e9 du statut d\u2019entreprise publique en d\u00e9ficit au r\u00f4le d\u2019op\u00e9rateur \u00e0 la pointe en Europe. \u00ab\u00a0Nous sommes fiers de cette transformation\u00a0\u00bb, explique Geert Pauwels\u00a0\u00bb. Avant, nous n\u2019avions qu\u2019un objectif : survivre. A pr\u00e9sent, notre nouveau but est de mettre en place le modal shift du transport routier vers le rail et pas uniquement pour notre entreprise, mais pour toute la communaut\u00e9. Nous voulons contribuer \u00e0 une meilleure mobilit\u00e9, \u00e0 combattre le changement climatique et stimuler la comp\u00e9titivit\u00e9 entre les autres partenaires\u00a0\u00bb.<\/p>\n<p style=\"text-align: justify;\">La nouvelle soci\u00e9t\u00e9 vise \u00e0 convaincre les entreprises industrielles de transf\u00e9rer le transport de marchandises de la route au rail. De cette fa\u00e7on, les entreprises peuvent am\u00e9liorer leur propre cha\u00eene d&rsquo;approvisionnement et contribuer activement \u00e0 un environnement viable et \u00e0 une mobilit\u00e9 souple. Trois axes sont particuli\u00e8rement cibl\u00e9s\u00a0:<\/p>\n<p style=\"text-align: justify;\">Mobilit\u00e9: les routes sont de plus en plus encombr\u00e9es. La Belgique et les pays environnants sont des champions des embouteillages. Plus de demande de train signifie moins de camions sur la route.<\/p>\n<p style=\"text-align: justify;\">Environnement: tous les pays europ\u00e9ens font des efforts pour atteindre les objectifs climatiques de Paris. Le transport ferroviaire \u00e9met 8 fois moins de CO2 que le transport routier. Plus de transport ferroviaire signifie une am\u00e9lioration de l&rsquo;environnement.<\/p>\n<p style=\"text-align: justify;\">Comp\u00e9titivit\u00e9 des ports et de l&rsquo;industrie: le rail fait partie int\u00e9grante de la cha\u00eene d&rsquo;approvisionnement dans tous les ports et dans de nombreuses industries. La performance du rail am\u00e9liore les performances des utilisateurs.<\/p>\n<p style=\"text-align: justify;\">Le produit phare s\u2019appellera \u00ab\u00a0Green Xpress\u00a0\u00bb. Le r\u00e9seau Green Xpress est un r\u00e9seau de connexions ferroviaires rapides, directes, fr\u00e9quentes et fiables entre les p\u00f4les \u00e9conomiques europ\u00e9ens. Le principe de base innovant d&rsquo;un produit Xpress consiste \u00e0 construire divers envois, allant de l&rsquo;acier, des produits chimiques, des biens de consommation, des palettes aux conteneurs pour capitaliser pleinement sur les forces du rail: transport de gros volumes sur des distances (moyennes) \/ longues. Aujourd&rsquo;hui, le r\u00e9seau Green Xpress compte 10 destinations. Lineas planifie environ 20 \u00e0 30 nouvelles connexions entre maintenant et 2020.<\/p>\n<p style=\"text-align: justify;\">En tant que transitaire ferroviaire, Lineas attache une grande importance \u00e0 la s\u00e9curit\u00e9 de ses travailleurs et de ses activit\u00e9s tout en investissant dans l&rsquo;expansion. Aujourd&rsquo;hui, Lineas emploie quelque 1 900 coll\u00e8gues qui g\u00e9n\u00e8rent ensemble un chiffre d&rsquo;affaires annuel de pr\u00e8s de 500 millions d&rsquo;euros. Argos Soditic, un groupe de private equity ind\u00e9pendant, d\u00e9tient 69% de l&rsquo;entreprise apr\u00e8s une augmentation de capital de 70 millions EUR. Les autres 31% sont d\u00e9tenus par la SNCB.<\/p>\n<p style=\"text-align: justify;\">Lineas a son si\u00e8ge social \u00e0 Bruxelles, mais la soci\u00e9t\u00e9 a des sites en France, en Italie, aux Pays-Bas et en Allemagne. Le groupe dispose d&rsquo;une flotte de voitures de plus de 200 locomotives et de 7000 wagons.<\/p>\n<p style=\"text-align: justify;\">Apr\u00e8s avoir sacrifi\u00e9 le personnel et une majorit\u00e9 d&rsquo;installations ferroviaires affect\u00e9s au transport des marchandises, Lineas, ex B-Logistics, se profile d\u00e9j\u00e0 comme une soci\u00e9t\u00e9 ferroviaire priv\u00e9e et ind\u00e9pendante qui engrangera rapidement des b\u00e9n\u00e9fices. Cette situation n&rsquo;est pas sans rappeler l&rsquo;histoire de la soci\u00e9t\u00e9 ABX (feu SNCB Colis) qui a \u00e9t\u00e9 rachet\u00e9e par un fonds d&rsquo;investissement anglais pour 10 millions EUR en 2006 et revendue l&rsquo;ann\u00e9e suivante 750 millions EUR tout en laissant une ardoise de plus d&rsquo;un milliard EUR au groupe SNCB!<\/p>\n","protected":false},"excerpt":{"rendered":"<p>Le 27 avril, B-Logistics, anciennement B-Cargo, a chang\u00e9 de nom et d&rsquo;identit\u00e9 visuelle. En tant que \u2018Lineas\u2019, l\u2019entreprise ferroviaire veut se profiler comme un partenaire autonome du r\u00e9seau ferroviaire belge &hellip; <\/p>\n","protected":false},"author":1,"featured_media":205,"comment_status":"open","ping_status":"open","sticky":false,"template":"","format":"standard","meta":{"jetpack_post_was_ever_published":false,"_jetpack_newsletter_access":"","_jetpack_dont_email_post_to_subs":false,"_jetpack_newsletter_tier_id":0,"_jetpack_memberships_contains_paywalled_content":false,"_jetpack_memberships_contains_paid_content":false,"footnotes":"","jetpack_publicize_message":"","jetpack_publicize_feature_enabled":true,"jetpack_social_post_already_shared":true,"jetpack_social_options":{"image_generator_settings":{"template":"highway","default_image_id":0,"font":"","enabled":false},"version":2}},"categories":[6],"tags":[],"class_list":["post-204","post","type-post","status-publish","format-standard","has-post-thumbnail","hentry","category-algemeen"],"jetpack_publicize_connections":[],"jetpack_featured_media_url":"https:\/\/i0.wp.com\/www.ovs-sic.be\/fr\/wp-content\/uploads\/sites\/4\/2017\/10\/LINEAS.jpg?fit=2008%2C1388&ssl=1","jetpack_sharing_enabled":true,"jetpack_shortlink":"https:\/\/wp.me\/p9lyc6-3i","jetpack_likes_enabled":true,"jetpack-related-posts":[{"id":422,"url":"https:\/\/www.ovs-sic.be\/fr\/audition-la-ceo-sncb-sur-lavenir-la-sncb\/","url_meta":{"origin":204,"position":0},"title":"AUDITION DE LA CEO SNCB  SUR L\u2019AVENIR DE LA SNCB","author":"Admin","date":"20 d\u00e9cembre 2017","format":false,"excerpt":"COMMISSION INFRASTRUCTURE DU 18\/10\/2017 Sophie Dutordoir, Administrateur d\u00e9l\u00e9gu\u00e9 de la SNCB, a pr\u00e9sent\u00e9 en Commission Infrastructure sa vision quant au futur proche de la SNCB. Lors de son audition du 18\/10\/17 au Parlement, Mme Dutordoir a r\u00e9it\u00e9r\u00e9 son souhait de transformer la SNCB en prestataire de services performant et en\u2026","rel":"","context":"Dans &quot;Infos SNCB&quot;","block_context":{"text":"Infos SNCB","link":"https:\/\/www.ovs-sic.be\/fr\/category\/sncb\/"},"img":{"alt_text":"","src":"https:\/\/i0.wp.com\/www.ovs-sic.be\/fr\/wp-content\/uploads\/sites\/4\/2017\/11\/dutordoir-e1508458339641.jpg?fit=309%2C216&ssl=1&resize=350%2C200","width":350,"height":200},"classes":[]},{"id":828,"url":"https:\/\/www.ovs-sic.be\/fr\/la-sncb-demande-au-politique-de-la-sauvegarder-de-la-privatisation\/","url_meta":{"origin":204,"position":1},"title":"LA SNCB DEMANDE AU POLITIQUE DE LA SAUVEGARDER DE LA PRIVATISATION","author":"","date":"9 avril 2019","format":false,"excerpt":"La SNCB profite de la campagne \u00e9lectorale pour sortir son m\u00e9morandum (en annexe) \u00e0 l\u2019adresse des politiques qui, pour rappel, composent son conseil d\u2019administration. L\u2019op\u00e9rateur ferroviaire historique entend d\u2019abord que dans les plans de mobilit\u00e9, le rail soit clairement d\u00e9fini comme central. Argumentant qu\u2019en plus d\u2019avoir du sens \u00e9conomique et\u2026","rel":"","context":"Dans &quot;Infos G\u00e9n\u00e9rales&quot;","block_context":{"text":"Infos G\u00e9n\u00e9rales","link":"https:\/\/www.ovs-sic.be\/fr\/category\/algemeen\/"},"img":{"alt_text":"","src":"https:\/\/i0.wp.com\/www.ovs-sic.be\/fr\/wp-content\/uploads\/sites\/4\/2019\/04\/54e4bdea35700d7522a6b704.jpg?fit=620%2C310&ssl=1&resize=350%2C200","width":350,"height":200,"srcset":"https:\/\/i0.wp.com\/www.ovs-sic.be\/fr\/wp-content\/uploads\/sites\/4\/2019\/04\/54e4bdea35700d7522a6b704.jpg?fit=620%2C310&ssl=1&resize=350%2C200 1x, https:\/\/i0.wp.com\/www.ovs-sic.be\/fr\/wp-content\/uploads\/sites\/4\/2019\/04\/54e4bdea35700d7522a6b704.jpg?fit=620%2C310&ssl=1&resize=525%2C300 1.5x"},"classes":[]},{"id":1104,"url":"https:\/\/www.ovs-sic.be\/fr\/augmentation-inquietante-des-agressions-envers-le-personnel-le-sic-tire-la-sonnette-dalarme\/","url_meta":{"origin":204,"position":2},"title":"AUGMENTATION INQUIETANTE DES AGRESSIONS ENVERS LE PERSONNEL LE SIC TIRE LA SONNETTE D&rsquo;ALARME","author":"Admin","date":"21 juin 2021","format":false,"excerpt":"Depuis un certain temps, notre organisation met en lumi\u00e8re les probl\u00e8mes rencontr\u00e9s par les cheminots dans l'exercice de leurs fonctions et qui constituent une menace pour leur s\u00e9curit\u00e9 personnelle.","rel":"","context":"Dans &quot;Infos Asco&quot;","block_context":{"text":"Infos Asco","link":"https:\/\/www.ovs-sic.be\/fr\/category\/veco\/"},"img":{"alt_text":"","src":"https:\/\/i0.wp.com\/www.ovs-sic.be\/fr\/wp-content\/uploads\/sites\/4\/2021\/06\/agressietbg.jpg?fit=466%2C346&ssl=1&resize=350%2C200","width":350,"height":200},"classes":[]},{"id":619,"url":"https:\/\/www.ovs-sic.be\/fr\/intervention-aupres-du-ceo-sncb\/","url_meta":{"origin":204,"position":3},"title":"INTERVENTION AUPRES DU CEO SNCB","author":"Admin","date":"24 ao\u00fbt 2018","format":false,"excerpt":"Nous sommes intervenus aupr\u00e8s du CEO de la SNCB pour obtenir des informations concernant\u00a0: La future r\u00e9organisation de la direction op\u00e9rationnelle des gares et le manque de personnel (B-TR5)Le transfert des speakers de la direction B-TR5 vers la direction B-TR03 (Informations\u00a0 aux voyageurs)Le sous-effectif du personnel d\u2019accompagnement, notamment en r\u00e9gion\u2026","rel":"","context":"Dans &quot;Infos SNCB&quot;","block_context":{"text":"Infos SNCB","link":"https:\/\/www.ovs-sic.be\/fr\/category\/sncb\/"},"img":{"alt_text":"","src":"https:\/\/i0.wp.com\/www.ovs-sic.be\/fr\/wp-content\/uploads\/sites\/4\/2018\/04\/inapt.png?fit=900%2C550&ssl=1&resize=350%2C200","width":350,"height":200,"srcset":"https:\/\/i0.wp.com\/www.ovs-sic.be\/fr\/wp-content\/uploads\/sites\/4\/2018\/04\/inapt.png?fit=900%2C550&ssl=1&resize=350%2C200 1x, https:\/\/i0.wp.com\/www.ovs-sic.be\/fr\/wp-content\/uploads\/sites\/4\/2018\/04\/inapt.png?fit=900%2C550&ssl=1&resize=525%2C300 1.5x, https:\/\/i0.wp.com\/www.ovs-sic.be\/fr\/wp-content\/uploads\/sites\/4\/2018\/04\/inapt.png?fit=900%2C550&ssl=1&resize=700%2C400 2x"},"classes":[]},{"id":330,"url":"https:\/\/www.ovs-sic.be\/fr\/330-2\/","url_meta":{"origin":204,"position":4},"title":"INFRABEL CONTRIBUE A LA DIMINUTION DES NUISANCES SONORES","author":"","date":"24 novembre 2017","format":false,"excerpt":"La nouvelle g\u00e9n\u00e9ration de railpads r\u00e9duit de moiti\u00e9 les nuisances sonores du trafic ferroviaire Infrabel r\u00e9alise une premi\u00e8re europ\u00e9enne avec la mise au point d\u2019un dispositif contre le bruit qui r\u00e9duit de moiti\u00e9 les nuisances sonores du trafic ferroviaire. Il s\u2019agit du d\u00e9veloppement de la nouvelle g\u00e9n\u00e9ration de railpads. Ces\u2026","rel":"","context":"Dans &quot;Infos Infrabel&quot;","block_context":{"text":"Infos Infrabel","link":"https:\/\/www.ovs-sic.be\/fr\/category\/infrabel\/"},"img":{"alt_text":"","src":"https:\/\/i0.wp.com\/www.ovs-sic.be\/fr\/wp-content\/uploads\/sites\/4\/2017\/11\/Railpads5.jpg?fit=1200%2C800&ssl=1&resize=350%2C200","width":350,"height":200,"srcset":"https:\/\/i0.wp.com\/www.ovs-sic.be\/fr\/wp-content\/uploads\/sites\/4\/2017\/11\/Railpads5.jpg?fit=1200%2C800&ssl=1&resize=350%2C200 1x, https:\/\/i0.wp.com\/www.ovs-sic.be\/fr\/wp-content\/uploads\/sites\/4\/2017\/11\/Railpads5.jpg?fit=1200%2C800&ssl=1&resize=525%2C300 1.5x, https:\/\/i0.wp.com\/www.ovs-sic.be\/fr\/wp-content\/uploads\/sites\/4\/2017\/11\/Railpads5.jpg?fit=1200%2C800&ssl=1&resize=700%2C400 2x, https:\/\/i0.wp.com\/www.ovs-sic.be\/fr\/wp-content\/uploads\/sites\/4\/2017\/11\/Railpads5.jpg?fit=1200%2C800&ssl=1&resize=1050%2C600 3x"},"classes":[]},{"id":449,"url":"https:\/\/www.ovs-sic.be\/fr\/infrabel-investissements-2018-2031\/","url_meta":{"origin":204,"position":5},"title":"INFRABEL &#8211; INVESTISSEMENTS 2018 &#8211; 2031","author":"","date":"25 d\u00e9cembre 2017","format":false,"excerpt":"INFRABEL VA INVESTIR 4,3 MILLIARDS \u20ac DE 2017 \u00c0 2020 ET 1,15 MILLIARD \u20ac EN COMPL\u00c9MENT DE 2018 \u00c0 2031 En compl\u00e9ment du \u00ab Plan Pluriannuel d\u2019investissement 2017-2020 \u00bb (PPI) approuv\u00e9 le 30 mai dernier, le Conseil d\u2019administration d\u2019Infrabel a approuv\u00e9 aujourd\u2019hui le \u00ab Plan Strat\u00e9gique Pluriannuel d\u2019Investissement 2018-2031 \u00bb\u2026","rel":"","context":"Dans &quot;Infos Infrabel&quot;","block_context":{"text":"Infos Infrabel","link":"https:\/\/www.ovs-sic.be\/fr\/category\/infrabel\/"},"img":{"alt_text":"","src":"https:\/\/i0.wp.com\/www.ovs-sic.be\/fr\/wp-content\/uploads\/sites\/4\/2017\/12\/DSC05012.11-1.jpg?fit=1200%2C498&ssl=1&resize=350%2C200","width":350,"height":200,"srcset":"https:\/\/i0.wp.com\/www.ovs-sic.be\/fr\/wp-content\/uploads\/sites\/4\/2017\/12\/DSC05012.11-1.jpg?fit=1200%2C498&ssl=1&resize=350%2C200 1x, https:\/\/i0.wp.com\/www.ovs-sic.be\/fr\/wp-content\/uploads\/sites\/4\/2017\/12\/DSC05012.11-1.jpg?fit=1200%2C498&ssl=1&resize=525%2C300 1.5x, https:\/\/i0.wp.com\/www.ovs-sic.be\/fr\/wp-content\/uploads\/sites\/4\/2017\/12\/DSC05012.11-1.jpg?fit=1200%2C498&ssl=1&resize=700%2C400 2x, https:\/\/i0.wp.com\/www.ovs-sic.be\/fr\/wp-content\/uploads\/sites\/4\/2017\/12\/DSC05012.11-1.jpg?fit=1200%2C498&ssl=1&resize=1050%2C600 3x"},"classes":[]}],"_links":{"self":[{"href":"https:\/\/www.ovs-sic.be\/fr\/wp-json\/wp\/v2\/posts\/204","targetHints":{"allow":["GET"]}}],"collection":[{"href":"https:\/\/www.ovs-sic.be\/fr\/wp-json\/wp\/v2\/posts"}],"about":[{"href":"https:\/\/www.ovs-sic.be\/fr\/wp-json\/wp\/v2\/types\/post"}],"author":[{"embeddable":true,"href":"https:\/\/www.ovs-sic.be\/fr\/wp-json\/wp\/v2\/users\/1"}],"replies":[{"embeddable":true,"href":"https:\/\/www.ovs-sic.be\/fr\/wp-json\/wp\/v2\/comments?post=204"}],"version-history":[{"count":2,"href":"https:\/\/www.ovs-sic.be\/fr\/wp-json\/wp\/v2\/posts\/204\/revisions"}],"predecessor-version":[{"id":207,"href":"https:\/\/www.ovs-sic.be\/fr\/wp-json\/wp\/v2\/posts\/204\/revisions\/207"}],"wp:featuredmedia":[{"embeddable":true,"href":"https:\/\/www.ovs-sic.be\/fr\/wp-json\/wp\/v2\/media\/205"}],"wp:attachment":[{"href":"https:\/\/www.ovs-sic.be\/fr\/wp-json\/wp\/v2\/media?parent=204"}],"wp:term":[{"taxonomy":"category","embeddable":true,"href":"https:\/\/www.ovs-sic.be\/fr\/wp-json\/wp\/v2\/categories?post=204"},{"taxonomy":"post_tag","embeddable":true,"href":"https:\/\/www.ovs-sic.be\/fr\/wp-json\/wp\/v2\/tags?post=204"}],"curies":[{"name":"wp","href":"https:\/\/api.w.org\/{rel}","templated":true}]}}