{"id":1149,"date":"2021-12-14T14:41:28","date_gmt":"2021-12-14T13:41:28","guid":{"rendered":"https:\/\/www.ovs-sic.be\/fr\/?p=1149"},"modified":"2021-12-14T14:41:32","modified_gmt":"2021-12-14T13:41:32","slug":"transfert-des-blocks-de-signalisation-dottignies-et-de-libramont-vers-namur-malgre-la-pandemie-covid-19-en-decembre","status":"publish","type":"post","link":"https:\/\/www.ovs-sic.be\/fr\/transfert-des-blocks-de-signalisation-dottignies-et-de-libramont-vers-namur-malgre-la-pandemie-covid-19-en-decembre\/","title":{"rendered":"Transfert des blocks de signalisation d&rsquo;Ottignies et de Libramont vers Namur malgr\u00e9 la pand\u00e9mie COVID 19 en d\u00e9cembre."},"content":{"rendered":"\n<div><strong>Malgr\u00e9 nos multiples interventions \u00e0 toute la hi\u00e9rarchie Infrabel depuis plusieurs mois pour suspendre la migration des block 29 et 74, l&rsquo;Administrateur d\u00e9l\u00e9gu\u00e9 nous a confirm\u00e9s le 1er d\u00e9cembre que les transferts \u00e9taient maintenus.<\/strong><\/div>\n<div><strong>Selon lui, les conseillers en pr\u00e9vention Infrabel et IDEWE ont garanti que les mesures de protection face au COVID 19 \u00e9taient r\u00e9unies.<\/strong><\/div>\n<div>\u00a0<\/div>\n<div><strong>Face \u00e0 cette fin de non-recevoir du CEO, nous avons d\u00e9pos\u00e9 plainte au SPF Emploi en charge du bien-\u00eatre au travail le 2 d\u00e9cembre.<\/strong><\/div>\n\n\n\n<p><span style=\"font-weight: 400;\">SPF Emploi &#8211; Inspection contr\u00f4le du bien-\u00eatre au travail &#8211; Direction r\u00e9gionale Namur<\/span><\/p>\n<p><span style=\"font-weight: 400;\">Bruxelles, le 2 d\u00e9cembre 2021<\/span><\/p>\n<p><span style=\"font-weight: 400;\">Cher Monsieur,<\/span><\/p>\n<p><span style=\"font-weight: 400;\">Suite \u00e0 notre entretien t\u00e9l\u00e9phonique de ce matin avec Monsieur Laurenz Soetens, nous nous permettons de vous contacter au sujet de la migration des cabines de signalisation d&rsquo;Ottignies et de Libramont vers Namur qui est pr\u00e9vue respectivement les 10 et 18-12\/2021.<\/span><\/p>\n<p><span style=\"font-weight: 400;\">Nous avons interrog\u00e9 les diff\u00e9rentes autorit\u00e9s r\u00e9gionales (Manager Infrablel -TO et Conseiller en pr\u00e9vention) \u00e0 ce sujet car nous ne sommes pas convaincus que toutes les mesures n\u00e9cessaires de protection des travailleurs dans le cadre de la pand\u00e9mie COVID, et notamment sa 4\u00e8me vague, sont rencontr\u00e9es.<\/span><\/p>\n<p><span style=\"font-weight: 400;\">Nous avons demand\u00e9 la suspension de la migration des 2 cabines afin de mettre en\u00a0\u0153uvre\u00a0toutes les possibilit\u00e9s d&rsquo;amoindrissement des risques, en l&rsquo;occurrence sanitaires,\u00a0visant \u00e0 ne pas rassembler en un seul lieu plus de personnel mais de garder les blocks de signalisation\u00a0aujourd\u2019hui\u00a0encore existants et qui permettent aux agents de travailler en 3 lieux distincts, gage de moindre concentration de beaucoup de personnes qui, d\u2019autre part, seraient amen\u00e9es \u00e0 se croiser lors des changements de prestations.<\/span><\/p>\n<p><span style=\"font-weight: 400;\">Malgr\u00e9 nos argumentations, notre demande a \u00e9t\u00e9 refus\u00e9e par toute la hi\u00e9rarchie d&rsquo;Infrabel jusqu&rsquo;au CEO suite \u00e0 l&rsquo;approbation du Conseiller en pr\u00e9vention Infrabel et celui d&rsquo;IDEWE.\u00a0<\/span><\/p>\n<p><span style=\"font-weight: 400;\">A ce sujet, nous pr\u00e9cisons qu\u2019au block 30 de Namur :<\/span><\/p>\n<p><span style=\"font-weight: 400;\">&#8211; il y aura 23 personnes par\u00a0shift\u00a0(21 Infrabel &#8211; 2 SNCB) au 18\/12\/2021 soit 8 agents en sus des agents par shift pr\u00e9sents actuellement.<\/span><\/p>\n<p><span style=\"font-weight: 400;\">&#8211; le rapport du conseiller en pr\u00e9vention est incomplet tant dans sa r\u00e9ponse \u00e0 notre mail que dans son analyse de risque \u00ab\u00a0Covid\u00a0\u00bb pr\u00e9alable :<\/span><\/p>\n<ul>\n<li style=\"font-weight: 400;\" aria-level=\"1\"><span style=\"font-weight: 400;\">Il n&rsquo;y a pas d&rsquo;indication sur le total du\u00a0volume\u00a0et de la surface du block de signalisation ;<\/span><\/li>\n<li style=\"font-weight: 400;\" aria-level=\"1\"><span style=\"font-weight: 400;\">Nous n&rsquo;avons re\u00e7u aucune mention\/information sur la pr\u00e9sence d&rsquo;un d\u00e9tecteur de CO ;<\/span><\/li>\n<li style=\"font-weight: 400;\" aria-level=\"1\"><span style=\"font-weight: 400;\">Le nombre d\u2019agents et le manque d\u2019espace dans le block de signalisation sont\u00a0susceptibles,\u00a0selon notre estime, de provoquer un risque accru d&rsquo;un cluster \u00ab\u00a0COVID\u00a0\u00bb avec de possibles cons\u00e9quences graves tant pour les travailleurs que pour la continuit\u00e9 du service ;<\/span><\/li>\n<li style=\"font-weight: 400;\" aria-level=\"1\"><span style=\"font-weight: 400;\">Le remplacement des agents \u00e0 chaque shift, soit potentiellement 46 agents dans le m\u00eame local \u00e0 chaque changement de service, n&rsquo;est pas analys\u00e9 dans les d\u00e9tails. Seul le croisement d&rsquo;agents est \u00e9voqu\u00e9, ce qui n&rsquo;est pas suffisant. En effet, une remise de service en \u00ab\u00a0face to face\u00a0\u00bb est imp\u00e9rative pour des raisons de s\u00e9curit\u00e9 et d&rsquo;informations op\u00e9rationnelles\u00a0;<\/span><\/li>\n<li style=\"font-weight: 400;\" aria-level=\"1\"><span style=\"font-weight: 400;\">La question sur la gestion de la cuisine (2 personnes maximum) n&rsquo;a pas \u00e9t\u00e9 abord\u00e9e alors qu&rsquo;il est interdit de se restaurer sur son \u00ab\u00a0bureau\u00a0\u00bb de travail ;<\/span><\/li>\n<li style=\"font-weight: 400;\" aria-level=\"1\"><span style=\"font-weight: 400;\">En ce qui concerne les pauses pour le travail sur \u00e9cran de visualisation dans un local appropri\u00e9 (qui n&rsquo;existe pas), le sujet n&rsquo;a pas \u00e9t\u00e9 analys\u00e9 alors qu&rsquo;il s&rsquo;agit d&rsquo;une p\u00e9riode essentielle de\u00a0d\u00e9compression\u00a0pour chaque agent car la charge de travail engendre un stress continu durant la prestation et elle peut \u00eatre augment\u00e9e suite \u00e0 l\u2019absence inopin\u00e9e de personnel.<\/span><span style=\"font-weight: 400;\"><br \/><br \/><\/span><\/li>\n<\/ul>\n<p><span style=\"font-weight: 400;\">&#8211; le(s) rapport(s) du conseiller en pr\u00e9vention IDEWE ne tient pas compte de param\u00e8tres importants comme soulign\u00e9s ci-dessus pour le rapport du CP Infrabel.\u00a0<\/span><\/p>\n<p><span style=\"font-weight: 400;\">D&rsquo;autre part, en parcourant la demande du CP d&rsquo;Infrabel adress\u00e9e au CP IDEWE le 26\/11\/2021 \u00e0 10h01, les r\u00e9ponses du CP IDEWE le 26\/11\/2021 \u00e0 11h09 (soit une heure plus tard) et la deuxi\u00e8me r\u00e9ponse le 26\/11\/2021 \u00e0 15h38, nous nous posons des questions sur la pertinence de ces deux \u00ab\u00a0rapports\u00a0\u00bb IDEWE !<\/span><\/p>\n<p><span style=\"font-weight: 400;\">Suite \u00e0 ces constatations, nous estimons que les 2 transferts des cabines de signalisation d&rsquo;Ottignies et de Libramont vers Namur doivent \u00eatre ainsi suspendus car il y a un risque aggrav\u00e9 pour le personnel par rapport \u00e0 la situation actuelle et que la sant\u00e9 et le bien-\u00eatre des travailleurs doivent rester la premi\u00e8re priorit\u00e9 dans cette situation de pand\u00e9mie.\u00a0<\/span><\/p>\n<p><span style=\"font-weight: 400;\">Dans ce cadre, nous demandons que le SPF Emploi effectue un contr\u00f4le urgent sur la conformit\u00e9 des mesures de protection Covid pour ces agents.<\/span><\/p>\n<p><span style=\"font-weight: 400;\">Nous vous remercions d&rsquo;avance.<\/span><\/p>\n<p><span style=\"font-weight: 400;\">Salutations distingu\u00e9es.<\/span><\/p>\n<p><span style=\"font-weight: 400;\">Au nom du Syndicat Ind\u00e9pendant pour Cheminots \u2013 SIC<\/span><\/p>\n<p>\u00a0<\/p>\n<p><b>Annexes :<\/b><\/p>\n<ul>\n<li style=\"font-weight: 400;\" aria-level=\"1\"><span style=\"font-weight: 400;\">Lettre SIC au CEO Infrabel 29\/11\/2021<\/span><\/li>\n<li style=\"font-weight: 400;\" aria-level=\"1\"><span style=\"font-weight: 400;\">R\u00e9ponse CEO Infrabel<\/span><\/li>\n<li style=\"font-weight: 400;\" aria-level=\"1\"><span style=\"font-weight: 400;\">Demande du CP Infrabel au CP IDEWE (2\u00e8me moiti\u00e9 de page) R\u00e9ponse 1 du CP IDEWE au CP Infrabel<\/span><\/li>\n<li style=\"font-weight: 400;\" aria-level=\"1\"><span style=\"font-weight: 400;\">4. R\u00e9ponse 2 au CP IDEWE au CP Infrabel<\/span><\/li>\n<li style=\"font-weight: 400;\" aria-level=\"1\"><span style=\"font-weight: 400;\">5. Mail SIC au CP Infrabel pour demande compl\u00e9mentaire suite rapport COVID &#8211; r\u00e9ponse en bleu par le CP Infrabel<\/span><\/li>\n<li style=\"font-weight: 400;\" aria-level=\"1\"><span style=\"font-weight: 400;\">6 \u00e0 14. Rapport de visite du block 30 de Namur (mesures Covisd) du 14\/09\/2021 du CP Infrabel + Sch\u00e9mas + photos<\/span><\/li>\n<li style=\"font-weight: 400;\" aria-level=\"1\"><span style=\"font-weight: 400;\">15. Rapport ventilation<\/span><\/li>\n<\/ul>\n","protected":false},"excerpt":{"rendered":"<p>Malgr\u00e9 nos multiples interventions \u00e0 toute la hi\u00e9rarchie Infrabel depuis plusieurs mois pour suspendre la migration des block 29 et 74, l&rsquo;Administrateur d\u00e9l\u00e9gu\u00e9 nous a confirm\u00e9s le 1er d\u00e9cembre que &hellip; <\/p>\n","protected":false},"author":1,"featured_media":755,"comment_status":"open","ping_status":"open","sticky":false,"template":"","format":"standard","meta":{"jetpack_post_was_ever_published":false,"_jetpack_newsletter_access":"","_jetpack_dont_email_post_to_subs":false,"_jetpack_newsletter_tier_id":0,"_jetpack_memberships_contains_paywalled_content":false,"_jetpack_memberships_contains_paid_content":false,"footnotes":"","jetpack_publicize_message":"","jetpack_publicize_feature_enabled":true,"jetpack_social_post_already_shared":true,"jetpack_social_options":{"image_generator_settings":{"template":"highway","default_image_id":0,"font":"","enabled":false},"version":2}},"categories":[4],"tags":[],"class_list":["post-1149","post","type-post","status-publish","format-standard","has-post-thumbnail","hentry","category-infrabel"],"jetpack_publicize_connections":[],"jetpack_featured_media_url":"https:\/\/i0.wp.com\/www.ovs-sic.be\/fr\/wp-content\/uploads\/sites\/4\/2019\/01\/photo_2018-03-16_14-09-04-1.jpg?fit=700%2C467&ssl=1","jetpack_sharing_enabled":true,"jetpack_shortlink":"https:\/\/wp.me\/p9lyc6-ix","jetpack_likes_enabled":true,"jetpack-related-posts":[{"id":510,"url":"https:\/\/www.ovs-sic.be\/fr\/mise-en-oeuvre-du-service-minimum-categories-essentielles-du-personnel\/","url_meta":{"origin":1149,"position":0},"title":"Mise en \u0153uvre du service minimum \/ categories essentielles du personnel","author":"Admin","date":"3 avril 2018","format":false,"excerpt":"Les premi\u00e8res \u00e9lections sociales au sein des Chemins de fer belges se d\u00e9rouleront du 3 au 7 d\u00e9cembre 2018. Les cheminots pourront d\u00e9signer leurs repr\u00e9sentants au sein de certains organes de dialogue social. Sans aucune surprise, le l\u00e9gislateur a exclu de ces \u00e9lections les mandats de la (sous) Commission paritaire\u2026","rel":"","context":"Dans &quot;Infos G\u00e9n\u00e9rales&quot;","block_context":{"text":"Infos G\u00e9n\u00e9rales","link":"https:\/\/www.ovs-sic.be\/fr\/category\/algemeen\/"},"img":{"alt_text":"","src":"https:\/\/i0.wp.com\/www.ovs-sic.be\/fr\/wp-content\/uploads\/sites\/4\/2018\/04\/sv-e1522714042207.png?fit=692%2C363&ssl=1&resize=350%2C200","width":350,"height":200,"srcset":"https:\/\/i0.wp.com\/www.ovs-sic.be\/fr\/wp-content\/uploads\/sites\/4\/2018\/04\/sv-e1522714042207.png?fit=692%2C363&ssl=1&resize=350%2C200 1x, https:\/\/i0.wp.com\/www.ovs-sic.be\/fr\/wp-content\/uploads\/sites\/4\/2018\/04\/sv-e1522714042207.png?fit=692%2C363&ssl=1&resize=525%2C300 1.5x"},"classes":[]},{"id":1094,"url":"https:\/\/www.ovs-sic.be\/fr\/intervention-sic-ceo-infrabel-i-to-charge-psychosociale-dans-les-cabines-de-signalisation\/","url_meta":{"origin":1149,"position":1},"title":"Intervention SIC &#8211; CEO Infrabel &#8211; I-TO Charge psychosociale dans les cabines de signalisation","author":"Admin","date":"8 juin 2021","format":false,"excerpt":"Depuis plusieurs ann\u00e9es, nous intervenons \u00e0 tous les niveaux pour d\u00e9noncer des situations o\u00f9 des agents occup\u00e9s dans les cabines de signalisation subissent un charge psychosociale li\u00e9e \u00e0 leurs t\u00e2ches. Nous avons l\u2019impression que les diff\u00e9rentes autorit\u00e9s ne mesurent pas l\u2019ampleur de la situation d\u00e9grad\u00e9e dans les postes de signalisation\u2026","rel":"","context":"Dans &quot;Infos Infrabel&quot;","block_context":{"text":"Infos Infrabel","link":"https:\/\/www.ovs-sic.be\/fr\/category\/infrabel\/"},"img":{"alt_text":"","src":"https:\/\/i0.wp.com\/www.ovs-sic.be\/fr\/wp-content\/uploads\/sites\/4\/2017\/10\/nmbs-7839-omloop-13-04-2016-gouvy-103_zpshhwt7mug2139485096..jpg?fit=900%2C599&ssl=1&resize=350%2C200","width":350,"height":200,"srcset":"https:\/\/i0.wp.com\/www.ovs-sic.be\/fr\/wp-content\/uploads\/sites\/4\/2017\/10\/nmbs-7839-omloop-13-04-2016-gouvy-103_zpshhwt7mug2139485096..jpg?fit=900%2C599&ssl=1&resize=350%2C200 1x, https:\/\/i0.wp.com\/www.ovs-sic.be\/fr\/wp-content\/uploads\/sites\/4\/2017\/10\/nmbs-7839-omloop-13-04-2016-gouvy-103_zpshhwt7mug2139485096..jpg?fit=900%2C599&ssl=1&resize=525%2C300 1.5x, https:\/\/i0.wp.com\/www.ovs-sic.be\/fr\/wp-content\/uploads\/sites\/4\/2017\/10\/nmbs-7839-omloop-13-04-2016-gouvy-103_zpshhwt7mug2139485096..jpg?fit=900%2C599&ssl=1&resize=700%2C400 2x"},"classes":[]},{"id":559,"url":"https:\/\/www.ovs-sic.be\/fr\/infrabel-traffic-management-services-prestations-de-12-heures-engagements-contractuels\/","url_meta":{"origin":1149,"position":2},"title":"I-TMS prestations de 12 heures &#8211; engagements contractuels","author":"Admin","date":"6 juin 2018","format":false,"excerpt":"La direction I-TMS (gestion op\u00e9rationnelle des cabines de signalisation) a d\u00e9cid\u00e9 d\u2019instaurer des prestations de 12h00 et proc\u00e9dera en juin \u00e0 des recrutements contractuels en contradiction avec les dispositions du Statut du Personnel. Nous sommes intervenus aupr\u00e8s de la directrice g\u00e9n\u00e9rale de I-TMS Madame le Directeur g\u00e9n\u00e9ral, ROAD SHOW I-TMS\u2026","rel":"","context":"Dans &quot;Infos Infrabel&quot;","block_context":{"text":"Infos Infrabel","link":"https:\/\/www.ovs-sic.be\/fr\/category\/infrabel\/"},"img":{"alt_text":"","src":"https:\/\/i0.wp.com\/www.ovs-sic.be\/fr\/wp-content\/uploads\/sites\/4\/2018\/06\/Afbeelding.png?fit=640%2C398&ssl=1&resize=350%2C200","width":350,"height":200,"srcset":"https:\/\/i0.wp.com\/www.ovs-sic.be\/fr\/wp-content\/uploads\/sites\/4\/2018\/06\/Afbeelding.png?fit=640%2C398&ssl=1&resize=350%2C200 1x, https:\/\/i0.wp.com\/www.ovs-sic.be\/fr\/wp-content\/uploads\/sites\/4\/2018\/06\/Afbeelding.png?fit=640%2C398&ssl=1&resize=525%2C300 1.5x"},"classes":[]},{"id":624,"url":"https:\/\/www.ovs-sic.be\/fr\/elections-sociales\/","url_meta":{"origin":1149,"position":3},"title":"ELECTIONS SOCIALES","author":"Admin","date":"24 ao\u00fbt 2018","format":false,"excerpt":"Dans le courant du mois de d\u00e9cembre 2018, les Chemins de fer belges organiseront les toutes premi\u00e8res \u00e9lections sociales et bien \u00e9videmment, le Syndicat Ind\u00e9pendant pour Cheminots y participera. Ces \u00e9lections concerneront : Pour les organes de dialogue social : les commissions paritaires r\u00e9gionales ; Pour les organes de dialogue\u2026","rel":"","context":"Dans &quot;Infos G\u00e9n\u00e9rales&quot;","block_context":{"text":"Infos G\u00e9n\u00e9rales","link":"https:\/\/www.ovs-sic.be\/fr\/category\/algemeen\/"},"img":{"alt_text":"","src":"https:\/\/i0.wp.com\/www.ovs-sic.be\/fr\/wp-content\/uploads\/sites\/4\/2018\/08\/elections-sociales2.png?fit=720%2C420&ssl=1&resize=350%2C200","width":350,"height":200,"srcset":"https:\/\/i0.wp.com\/www.ovs-sic.be\/fr\/wp-content\/uploads\/sites\/4\/2018\/08\/elections-sociales2.png?fit=720%2C420&ssl=1&resize=350%2C200 1x, https:\/\/i0.wp.com\/www.ovs-sic.be\/fr\/wp-content\/uploads\/sites\/4\/2018\/08\/elections-sociales2.png?fit=720%2C420&ssl=1&resize=525%2C300 1.5x, https:\/\/i0.wp.com\/www.ovs-sic.be\/fr\/wp-content\/uploads\/sites\/4\/2018\/08\/elections-sociales2.png?fit=720%2C420&ssl=1&resize=700%2C400 2x"},"classes":[]},{"id":935,"url":"https:\/\/www.ovs-sic.be\/fr\/projet-accord-social-2020-2023\/","url_meta":{"origin":1149,"position":4},"title":"PROJET ACCORD SOCIAL       2020 \u2013 2023","author":"","date":"8 novembre 2019","format":false,"excerpt":"Bien qu\u2019\u00e9tant exclu des n\u00e9gociations relatives au futur accord social, nous avons pris connaissance, gr\u00e2ce aux nombreuses fuites, des principaux axes qui constituent ce projet. \u00a0 La Direction pr\u00e9cise que les sujets ne peuvent en aucun cas \u00eatre consid\u00e9r\u00e9s individuellement ni consid\u00e9r\u00e9s comme \u00e9tant des faits acquis. \u00a0 1 Modernisation\u2026","rel":"","context":"Dans &quot;Infos G\u00e9n\u00e9rales&quot;","block_context":{"text":"Infos G\u00e9n\u00e9rales","link":"https:\/\/www.ovs-sic.be\/fr\/category\/algemeen\/"},"img":{"alt_text":"","src":"https:\/\/i0.wp.com\/www.ovs-sic.be\/fr\/wp-content\/uploads\/sites\/4\/2019\/11\/IMG_20191108_114159.jpg?fit=1200%2C900&ssl=1&resize=350%2C200","width":350,"height":200,"srcset":"https:\/\/i0.wp.com\/www.ovs-sic.be\/fr\/wp-content\/uploads\/sites\/4\/2019\/11\/IMG_20191108_114159.jpg?fit=1200%2C900&ssl=1&resize=350%2C200 1x, https:\/\/i0.wp.com\/www.ovs-sic.be\/fr\/wp-content\/uploads\/sites\/4\/2019\/11\/IMG_20191108_114159.jpg?fit=1200%2C900&ssl=1&resize=525%2C300 1.5x, https:\/\/i0.wp.com\/www.ovs-sic.be\/fr\/wp-content\/uploads\/sites\/4\/2019\/11\/IMG_20191108_114159.jpg?fit=1200%2C900&ssl=1&resize=700%2C400 2x, https:\/\/i0.wp.com\/www.ovs-sic.be\/fr\/wp-content\/uploads\/sites\/4\/2019\/11\/IMG_20191108_114159.jpg?fit=1200%2C900&ssl=1&resize=1050%2C600 3x"},"classes":[]},{"id":330,"url":"https:\/\/www.ovs-sic.be\/fr\/330-2\/","url_meta":{"origin":1149,"position":5},"title":"INFRABEL CONTRIBUE A LA DIMINUTION DES NUISANCES SONORES","author":"","date":"24 novembre 2017","format":false,"excerpt":"La nouvelle g\u00e9n\u00e9ration de railpads r\u00e9duit de moiti\u00e9 les nuisances sonores du trafic ferroviaire Infrabel r\u00e9alise une premi\u00e8re europ\u00e9enne avec la mise au point d\u2019un dispositif contre le bruit qui r\u00e9duit de moiti\u00e9 les nuisances sonores du trafic ferroviaire. Il s\u2019agit du d\u00e9veloppement de la nouvelle g\u00e9n\u00e9ration de railpads. Ces\u2026","rel":"","context":"Dans &quot;Infos Infrabel&quot;","block_context":{"text":"Infos Infrabel","link":"https:\/\/www.ovs-sic.be\/fr\/category\/infrabel\/"},"img":{"alt_text":"","src":"https:\/\/i0.wp.com\/www.ovs-sic.be\/fr\/wp-content\/uploads\/sites\/4\/2017\/11\/Railpads5.jpg?fit=1200%2C800&ssl=1&resize=350%2C200","width":350,"height":200,"srcset":"https:\/\/i0.wp.com\/www.ovs-sic.be\/fr\/wp-content\/uploads\/sites\/4\/2017\/11\/Railpads5.jpg?fit=1200%2C800&ssl=1&resize=350%2C200 1x, https:\/\/i0.wp.com\/www.ovs-sic.be\/fr\/wp-content\/uploads\/sites\/4\/2017\/11\/Railpads5.jpg?fit=1200%2C800&ssl=1&resize=525%2C300 1.5x, https:\/\/i0.wp.com\/www.ovs-sic.be\/fr\/wp-content\/uploads\/sites\/4\/2017\/11\/Railpads5.jpg?fit=1200%2C800&ssl=1&resize=700%2C400 2x, https:\/\/i0.wp.com\/www.ovs-sic.be\/fr\/wp-content\/uploads\/sites\/4\/2017\/11\/Railpads5.jpg?fit=1200%2C800&ssl=1&resize=1050%2C600 3x"},"classes":[]}],"_links":{"self":[{"href":"https:\/\/www.ovs-sic.be\/fr\/wp-json\/wp\/v2\/posts\/1149","targetHints":{"allow":["GET"]}}],"collection":[{"href":"https:\/\/www.ovs-sic.be\/fr\/wp-json\/wp\/v2\/posts"}],"about":[{"href":"https:\/\/www.ovs-sic.be\/fr\/wp-json\/wp\/v2\/types\/post"}],"author":[{"embeddable":true,"href":"https:\/\/www.ovs-sic.be\/fr\/wp-json\/wp\/v2\/users\/1"}],"replies":[{"embeddable":true,"href":"https:\/\/www.ovs-sic.be\/fr\/wp-json\/wp\/v2\/comments?post=1149"}],"version-history":[{"count":1,"href":"https:\/\/www.ovs-sic.be\/fr\/wp-json\/wp\/v2\/posts\/1149\/revisions"}],"predecessor-version":[{"id":1150,"href":"https:\/\/www.ovs-sic.be\/fr\/wp-json\/wp\/v2\/posts\/1149\/revisions\/1150"}],"wp:featuredmedia":[{"embeddable":true,"href":"https:\/\/www.ovs-sic.be\/fr\/wp-json\/wp\/v2\/media\/755"}],"wp:attachment":[{"href":"https:\/\/www.ovs-sic.be\/fr\/wp-json\/wp\/v2\/media?parent=1149"}],"wp:term":[{"taxonomy":"category","embeddable":true,"href":"https:\/\/www.ovs-sic.be\/fr\/wp-json\/wp\/v2\/categories?post=1149"},{"taxonomy":"post_tag","embeddable":true,"href":"https:\/\/www.ovs-sic.be\/fr\/wp-json\/wp\/v2\/tags?post=1149"}],"curies":[{"name":"wp","href":"https:\/\/api.w.org\/{rel}","templated":true}]}}