{"id":1122,"date":"2021-09-14T14:52:36","date_gmt":"2021-09-14T12:52:36","guid":{"rendered":"https:\/\/www.ovs-sic.be\/fr\/?p=1122"},"modified":"2021-09-14T14:52:40","modified_gmt":"2021-09-14T12:52:40","slug":"proposition-protocole-daccord-social-notre-opinion","status":"publish","type":"post","link":"https:\/\/www.ovs-sic.be\/fr\/proposition-protocole-daccord-social-notre-opinion\/","title":{"rendered":"Proposition protocole d&rsquo;accord social : notre opinion"},"content":{"rendered":"\n<p><span style=\"font-weight: 400;\">R\u00e9cemment, la nouvelle proposition de protocole d&rsquo;accord social a atterri dans notre bo\u00eete aux lettres. Cela s&rsquo;est fait sans tambours ni trompettes ou autres effusions de joie.<\/span><\/p>\n<p><span style=\"font-weight: 400;\">Et cela pour une bonne raison !<\/span><\/p>\n<p><span style=\"font-weight: 400;\">Il n&rsquo;y a en effet que peu de diff\u00e9rences entre cette proposition et son illustre pr\u00e9d\u00e9cesseur que nous avions re\u00e7u il y a quelques ann\u00e9es et qui a provoqu\u00e9 chez tous les syndicats des crampes d&rsquo;estomac spontan\u00e9es. Le NON fort et clair que notre employeur avait re\u00e7u a fait taire la conversation pendant un bon moment.\u00a0<\/span><\/p>\n<p><span style=\"font-weight: 400;\">Il y a maintenant un nouveau texte, bien que \u201cnouveau\u201d, doit \u00eatre interpr\u00e9t\u00e9 ici de mani\u00e8re tr\u00e8s large. On appelle cela \u00ab du r\u00e9chauff\u00e9 \u00bb. Les nuances se sont cependant habilement cach\u00e9es entre les lignes comme notre bon ami Wally. C&rsquo;est \u00e0 l&rsquo;aide d&rsquo;une loupe qu&rsquo;il faut chercher les diff\u00e9rences.<\/span><\/p>\n<p><span style=\"font-weight: 400;\">Ce qui frappe \u00e0 la premi\u00e8re lecture, c&rsquo;est le langage brumeux et vague avec lequel notre employeur d\u00e9voile ses ambitions. On dirait m\u00eame un texte religieux qui peut \u00eatre interpr\u00e9t\u00e9 de toutes sortes de fa\u00e7ons. Cela rend bien difficile une analyse approfondie de leurs objectifs. L&rsquo;interpr\u00e9tation libre qui suit a pour but de nous aider \u00e0 trouver notre chemin dans le labyrinthe des intentions cach\u00e9es.<\/span><\/p>\n<p><span style=\"font-weight: 400;\">Le premier danger que l&rsquo;on peut \u00e9pingler concerne l&rsquo;annualisation des heures suppl\u00e9mentaires. Aujourd&rsquo;hui, les heures suppl\u00e9mentaires doivent \u00eatre calcul\u00e9es et compens\u00e9es sur base trimestrielle, ce qui nous semble \u00eatre d\u00e9j\u00e0 un d\u00e9lai tr\u00e8s g\u00e9n\u00e9reux. Nous ne sommes pas dupes du grand danger que repr\u00e9sente la compensation sur base annuelle. Cela revient ni plus ni moins \u00e0 dire que toute notre vie sociale et familiale devra se plier aux d\u00e9sirs de notre patron.\u00a0<\/span><\/p>\n<p><span style=\"font-weight: 400;\">En p\u00e9riode d&rsquo;activit\u00e9 intense, vous accumulerez un tas d&rsquo;heures de prestation que vous r\u00e9cup\u00e9rerez en p\u00e9riodes calmes. Ainsi, votre vie personnelle sera pour la \u00e9ni\u00e8me fois sacrifi\u00e9e sur l&rsquo;autel de la flexibilit\u00e9. C&rsquo;est aussi pourquoi notre employeur lorgne, une fois de plus, avec envie et avec l&rsquo;eau \u00e0 la bouche, sur le fascicule 541 (Prestations et repos) et pourquoi, \u00e0 ses yeux, il faut le modifier \u00e0 nouveau. Cela commence \u00e0 ressembler \u00e0 du f\u00e9tichisme malsain.<\/span><\/p>\n<p><span style=\"font-weight: 400;\">On trouve quelque part dans le texte un passage tr\u00e8s peu clair sur les travailleurs statutaires \u00e0 temps partiel. Comprendra qui comprendra. Nous, nous n&rsquo;y voyons qu&rsquo;un tremplin vers des services coup\u00e9s. Sur cette pente glissante \u00e9galement, nous ne pouvons que freiner des quatre fers.<\/span><\/p>\n<p><span style=\"font-weight: 400;\">Une fois de plus, les postes \u00e0 profil sont mis \u00e0 l&rsquo;honneur. Certes, il est louable de vouloir mettre la\u00a0 bonne personne au bon poste. Malheureusement, notre employeur reste tr\u00e8s vague sur la mani\u00e8re exacte dont il entend y parvenir et sur la fa\u00e7on dont on exclura l&rsquo;arbitraire dans le chef des seigneurs locaux afin d&rsquo;\u00e9viter que cela ne devienne le creuset du favoritisme.<\/span><\/p>\n<p><span style=\"font-weight: 400;\">Les nouveaux employ\u00e9s contractuels se verront offrir un nouveau paquet salarial , le \u201creward plan\u201d. Mais n&rsquo;ayez crainte, chers employ\u00e9s statutaires et contractuels actuels, vous pourrez \u00e9galement en profiter ! Il s&rsquo;agit d&rsquo;un choix libre et individuel. Toutefois, nous vous conseillons de lire tr\u00e8s attentivement les petits caract\u00e8res. Votre statut pourrait bien \u00eatre menac\u00e9, et avec votre signature, vous venez d&rsquo;ouvrir la porte de la privatisation.<\/span><\/p>\n<p><span style=\"font-weight: 400;\">Bien s\u00fbr, dans cet accord, il y a \u00e7\u00e0 et l\u00e0 quelques miettes \u00e0 ramasser, et cette comparaison est \u00e0 prendre au pied de la lettre. Un euro de plus sur les ch\u00e8ques-repas, une prolongation de l&rsquo;assurance hospitalisation et une indemnit\u00e9 v\u00e9lo. Et c&rsquo;est tout. Nous pouvons garder ce paragraphe tr\u00e8s court\u2026<\/span><\/p>\n<p><span style=\"font-weight: 400;\">90 % de cette proposition d&rsquo;accord sont des r\u00e9gressions pures et simples, brutales et sans m\u00e9nagement. 10 % pourraient \u00eatre interpr\u00e9t\u00e9s comme des am\u00e9liorations.<\/span><\/p>\n<p><span style=\"font-weight: 400;\">Conclusion : ce texte est un parfait exemple de total d\u00e9s\u00e9quilibre en faveur de l&#8217;employeur. Il ne s&rsquo;agit en aucun cas d&rsquo;un accord \u00e9quilibr\u00e9. Il ne fait aucun doute que les mesures propos\u00e9es exigeront une fois de plus un effort consid\u00e9rable de notre part et qu&rsquo;elles constituent un nouvel exercice sans pr\u00e9c\u00e9dent de gain de productivit\u00e9 et de flexibilit\u00e9.<\/span><\/p>\n<p><span style=\"font-weight: 400;\">Il n&rsquo;est fait mention nulle part de pistes pour aborder les vrais probl\u00e8mes de terrain:.<\/span><\/p>\n<ul>\n<li><span style=\"font-weight: 400;\"> \u00a0 \u00a0 \u00a0 \u00a0 le manque de personnel dans les trains, dans les gares et dans les services de s\u00e9curit\u00e9;<\/span><\/li>\n<li><span style=\"font-weight: 400;\"> \u00a0 \u00a0 \u00a0 \u00a0 mais aussi les probl\u00e8mes croissants d&rsquo;agressions qui y sont li\u00e9s.<\/span><\/li>\n<li><span style=\"font-weight: 400;\"> \u00a0 \u00a0 \u00a0 \u00a0 L&rsquo;octroi de jours de repos et de cong\u00e9s,<\/span><\/li>\n<li><span style=\"font-weight: 400;\"> \u00a0 \u00a0 \u00a0 \u00a0 un meilleur \u00e9quilibre entre vie priv\u00e9e et vie professionnelle.<\/span><\/li>\n<\/ul>\n<p><span style=\"font-weight: 400;\">\u00a0O\u00f9 trouve-t-on dans ce texte brumeux et vague ne fusse que des \u00e9bauches de solutions aux probl\u00e8mes qui nous tiennent \u00e9veill\u00e9s?<\/span><\/p>\n<p><span style=\"font-weight: 400;\">Cette proposition d&rsquo;accord social nous semble n&rsquo;\u00eatre qu&rsquo;un \u00e9ni\u00e8me exercice financier con\u00e7u pour une arm\u00e9e de comptables et de managers qui n&rsquo;ont peut-\u00eatre jamais vu un train de pr\u00e8s.<\/span><\/p>\n<p><span style=\"font-weight: 400;\">Mais surtout, il nous semble qu&rsquo;il s&rsquo;agit \u00e0 nouveau d&rsquo;une occasion rat\u00e9e d&rsquo;engager un r\u00e9el dialogue avec le personnel de terrain. Notre employeur pourrait apprendre beaucoup d&rsquo;une conversation honn\u00eate et constructive&#8230;<\/span><\/p>\n","protected":false},"excerpt":{"rendered":"<p>R\u00e9cemment, la nouvelle proposition de protocole d&rsquo;accord social a atterri dans notre bo\u00eete aux lettres. Cela s&rsquo;est fait sans tambours ni trompettes ou autres effusions de joie.<\/p>\n","protected":false},"author":1,"featured_media":1123,"comment_status":"open","ping_status":"open","sticky":false,"template":"","format":"standard","meta":{"jetpack_post_was_ever_published":false,"_jetpack_newsletter_access":"","_jetpack_dont_email_post_to_subs":false,"_jetpack_newsletter_tier_id":0,"_jetpack_memberships_contains_paywalled_content":false,"_jetpack_memberships_contains_paid_content":false,"footnotes":"","jetpack_publicize_message":"","jetpack_publicize_feature_enabled":true,"jetpack_social_post_already_shared":true,"jetpack_social_options":{"image_generator_settings":{"template":"highway","default_image_id":0,"font":"","enabled":false},"version":2}},"categories":[6],"tags":[],"class_list":["post-1122","post","type-post","status-publish","format-standard","has-post-thumbnail","hentry","category-algemeen"],"jetpack_publicize_connections":[],"jetpack_featured_media_url":"https:\/\/i0.wp.com\/www.ovs-sic.be\/fr\/wp-content\/uploads\/sites\/4\/2021\/09\/LEDENGELD-1.png?fit=640%2C318&ssl=1","jetpack_sharing_enabled":true,"jetpack_shortlink":"https:\/\/wp.me\/p9lyc6-i6","jetpack_likes_enabled":true,"jetpack-related-posts":[{"id":955,"url":"https:\/\/www.ovs-sic.be\/fr\/arret-de-travail-du-18-au-19-decembre-2019-position-du-sic\/","url_meta":{"origin":1122,"position":0},"title":"ARRET DE TRAVAIL DU 18 AU 19 DECEMBRE 2019, POSITION DU SIC","author":"","date":"14 d\u00e9cembre 2019","format":false,"excerpt":"Avis Syndical SIC (gr\u00e8ve 19 d\u00e9cembre)Download Apr\u00e8s avoir consult\u00e9 les membres du Comit\u00e9 Directeur de notre organisation, nous avons d\u00e9cid\u00e9 de suivre le mouvement de gr\u00e8ve du 18-12-2019 \u00e0 22H jusqu\u2019au 19-12-2019 \u00e0 22H. A titre d\u2019information, le SIC n\u2019a re\u00e7u aucune pr\u00e9cision de la part d\u2019HR RAIL quant au\u2026","rel":"","context":"Dans &quot;Infos G\u00e9n\u00e9rales&quot;","block_context":{"text":"Infos G\u00e9n\u00e9rales","link":"https:\/\/www.ovs-sic.be\/fr\/category\/algemeen\/"},"img":{"alt_text":"","src":"https:\/\/i0.wp.com\/www.ovs-sic.be\/fr\/wp-content\/uploads\/sites\/4\/2019\/12\/IMG_20191217_104431_resized_20191217_104613673.jpg?fit=1200%2C934&ssl=1&resize=350%2C200","width":350,"height":200,"srcset":"https:\/\/i0.wp.com\/www.ovs-sic.be\/fr\/wp-content\/uploads\/sites\/4\/2019\/12\/IMG_20191217_104431_resized_20191217_104613673.jpg?fit=1200%2C934&ssl=1&resize=350%2C200 1x, https:\/\/i0.wp.com\/www.ovs-sic.be\/fr\/wp-content\/uploads\/sites\/4\/2019\/12\/IMG_20191217_104431_resized_20191217_104613673.jpg?fit=1200%2C934&ssl=1&resize=525%2C300 1.5x, https:\/\/i0.wp.com\/www.ovs-sic.be\/fr\/wp-content\/uploads\/sites\/4\/2019\/12\/IMG_20191217_104431_resized_20191217_104613673.jpg?fit=1200%2C934&ssl=1&resize=700%2C400 2x, https:\/\/i0.wp.com\/www.ovs-sic.be\/fr\/wp-content\/uploads\/sites\/4\/2019\/12\/IMG_20191217_104431_resized_20191217_104613673.jpg?fit=1200%2C934&ssl=1&resize=1050%2C600 3x"},"classes":[]},{"id":908,"url":"https:\/\/www.ovs-sic.be\/fr\/aucun-engagement-seulement-quelques-garanties\/","url_meta":{"origin":1122,"position":1},"title":"Aucun engagement, seulement quelques garanties !","author":"Admin","date":"14 ao\u00fbt 2019","format":false,"excerpt":"Lors de la r\u00e9union de conciliation organis\u00e9e en r\u00e9ponse au pr\u00e9avis de gr\u00e8ve du 17 ao\u00fbt, une divergence de vues fondamentale avec la direction sur les probl\u00e8mes des cong\u00e9s des accompagnateurs de train s'est \u00e0 nouveau manifest\u00e9e. A l'unanimit\u00e9 des agents, la proposition de la direction (15% en juillet 2020)\u2026","rel":"","context":"Dans &quot;Infos Asco&quot;","block_context":{"text":"Infos Asco","link":"https:\/\/www.ovs-sic.be\/fr\/category\/veco\/"},"img":{"alt_text":"","src":"https:\/\/i0.wp.com\/www.ovs-sic.be\/fr\/wp-content\/uploads\/sites\/4\/2019\/08\/FB_IMG_1565773198067.jpg?fit=1163%2C960&ssl=1&resize=350%2C200","width":350,"height":200,"srcset":"https:\/\/i0.wp.com\/www.ovs-sic.be\/fr\/wp-content\/uploads\/sites\/4\/2019\/08\/FB_IMG_1565773198067.jpg?fit=1163%2C960&ssl=1&resize=350%2C200 1x, https:\/\/i0.wp.com\/www.ovs-sic.be\/fr\/wp-content\/uploads\/sites\/4\/2019\/08\/FB_IMG_1565773198067.jpg?fit=1163%2C960&ssl=1&resize=525%2C300 1.5x, https:\/\/i0.wp.com\/www.ovs-sic.be\/fr\/wp-content\/uploads\/sites\/4\/2019\/08\/FB_IMG_1565773198067.jpg?fit=1163%2C960&ssl=1&resize=700%2C400 2x, https:\/\/i0.wp.com\/www.ovs-sic.be\/fr\/wp-content\/uploads\/sites\/4\/2019\/08\/FB_IMG_1565773198067.jpg?fit=1163%2C960&ssl=1&resize=1050%2C600 3x"},"classes":[]},{"id":225,"url":"https:\/\/www.ovs-sic.be\/fr\/pres-de-2000-emplois-perdus-depuis-2016-aux-chemins-de-fer-belges\/","url_meta":{"origin":1122,"position":2},"title":"PRES DE 2000 EMPLOIS PERDUS DEPUIS 2016 AUX CHEMINS DE FER BELGES","author":"Admin","date":"1 novembre 2017","format":false,"excerpt":"Interrog\u00e9 en Commission Infrastructure de la Chambre, le Ministre Bellot estime que le nombre actuel de cheminots travaillant au sein des Chemins de fer belges est en phase avec les d\u00e9cisions avalis\u00e9es lors du dernier protocole d\u2019accord social. Ci-dessous, nous reproduisons sa r\u00e9ponse : - \u00ab\u00a0Sur la base des \u00e9l\u00e9ments\u2026","rel":"","context":"Dans &quot;Infos G\u00e9n\u00e9rales&quot;","block_context":{"text":"Infos G\u00e9n\u00e9rales","link":"https:\/\/www.ovs-sic.be\/fr\/category\/algemeen\/"},"img":{"alt_text":"","src":"https:\/\/i0.wp.com\/www.ovs-sic.be\/fr\/wp-content\/uploads\/sites\/4\/2017\/10\/bellot-300x250.jpg?resize=350%2C200&ssl=1","width":350,"height":200},"classes":[]},{"id":871,"url":"https:\/\/www.ovs-sic.be\/fr\/871-2\/","url_meta":{"origin":1122,"position":3},"title":"Projet de protocole d&rsquo;accord social 2020-2022","author":"","date":"9 juillet 2019","format":false,"excerpt":"Les informations ayant filtr\u00e9 font \u00e9tat d\u2019une volont\u00e9 non dissimul\u00e9e de la part des dirigeants des trois soci\u00e9t\u00e9s d\u2019augmenter \u00e0 nouveau la productivit\u00e9 via en modifiant radicalement le temps de travail. On parle notamment de la fin du r\u00e9gime des 36 heures \/semaine et donc du retour aux 38 heures\/semaine\u2026","rel":"","context":"Dans &quot;Infos G\u00e9n\u00e9rales&quot;","block_context":{"text":"Infos G\u00e9n\u00e9rales","link":"https:\/\/www.ovs-sic.be\/fr\/category\/algemeen\/"},"img":{"alt_text":"","src":"https:\/\/i0.wp.com\/www.ovs-sic.be\/fr\/wp-content\/uploads\/sites\/4\/2019\/07\/black-and-white-white-petal-paper-material-card-1143539-pxhere.com_.jpg?fit=720%2C478&ssl=1&resize=350%2C200","width":350,"height":200,"srcset":"https:\/\/i0.wp.com\/www.ovs-sic.be\/fr\/wp-content\/uploads\/sites\/4\/2019\/07\/black-and-white-white-petal-paper-material-card-1143539-pxhere.com_.jpg?fit=720%2C478&ssl=1&resize=350%2C200 1x, https:\/\/i0.wp.com\/www.ovs-sic.be\/fr\/wp-content\/uploads\/sites\/4\/2019\/07\/black-and-white-white-petal-paper-material-card-1143539-pxhere.com_.jpg?fit=720%2C478&ssl=1&resize=525%2C300 1.5x, https:\/\/i0.wp.com\/www.ovs-sic.be\/fr\/wp-content\/uploads\/sites\/4\/2019\/07\/black-and-white-white-petal-paper-material-card-1143539-pxhere.com_.jpg?fit=720%2C478&ssl=1&resize=700%2C400 2x"},"classes":[]},{"id":932,"url":"https:\/\/www.ovs-sic.be\/fr\/menaces-politiques-sur-les-statuts-la-concertation-sociale-et-le-fonctionnement-des-syndicats\/","url_meta":{"origin":1122,"position":4},"title":"MENACES POLITIQUES SUR LES STATUTS, LA CONCERTATION SOCIALE ET LE FONCTIONNEMENT DES SYNDICATS","author":"","date":"8 novembre 2019","format":false,"excerpt":"Les cheminots doivent faire face en cette fin d\u2019ann\u00e9e \u00e0 de nombreuses attaques. En effet, tant le pouvoir politique (principalement la N-VA) via de nombreux projets de Lois que la direction H-HR au travers du projet d\u2019accord social 2020-2022 veulent mettre \u00e0 mal les statuts et les couvertures sociales des\u2026","rel":"","context":"Dans &quot;Infos G\u00e9n\u00e9rales&quot;","block_context":{"text":"Infos G\u00e9n\u00e9rales","link":"https:\/\/www.ovs-sic.be\/fr\/category\/algemeen\/"},"img":{"alt_text":"","src":"https:\/\/i0.wp.com\/www.ovs-sic.be\/fr\/wp-content\/uploads\/sites\/4\/2019\/11\/IMG_20191108_111238.jpg?fit=1200%2C826&ssl=1&resize=350%2C200","width":350,"height":200,"srcset":"https:\/\/i0.wp.com\/www.ovs-sic.be\/fr\/wp-content\/uploads\/sites\/4\/2019\/11\/IMG_20191108_111238.jpg?fit=1200%2C826&ssl=1&resize=350%2C200 1x, https:\/\/i0.wp.com\/www.ovs-sic.be\/fr\/wp-content\/uploads\/sites\/4\/2019\/11\/IMG_20191108_111238.jpg?fit=1200%2C826&ssl=1&resize=525%2C300 1.5x, https:\/\/i0.wp.com\/www.ovs-sic.be\/fr\/wp-content\/uploads\/sites\/4\/2019\/11\/IMG_20191108_111238.jpg?fit=1200%2C826&ssl=1&resize=700%2C400 2x, https:\/\/i0.wp.com\/www.ovs-sic.be\/fr\/wp-content\/uploads\/sites\/4\/2019\/11\/IMG_20191108_111238.jpg?fit=1200%2C826&ssl=1&resize=1050%2C600 3x"},"classes":[]},{"id":1279,"url":"https:\/\/www.ovs-sic.be\/fr\/pourquoi-le-sic-suit-la-greve-de-novembre\/","url_meta":{"origin":1122,"position":5},"title":"Pourquoi le SIC suit la gr\u00e8ve de novembre ?","author":"Admin","date":"2 novembre 2023","format":false,"excerpt":"Chers membres et sympathisants,Comme vous le savez probablement, le front commun syndical regroupant la CGSP, la CSC Transcom et le SLFP a annonc\u00e9 une gr\u00e8ve du 7 novembre 2023 \u00e0 22h au 9 novembre 2023 \u00e0 22h. Le Syndicat Ind\u00e9pendant pour Cheminots (SIC) participera pleinement \u00e0 cette gr\u00e8ve.Nous pla\u00e7ons les\u2026","rel":"","context":"Dans &quot;Infos G\u00e9n\u00e9rales&quot;","block_context":{"text":"Infos G\u00e9n\u00e9rales","link":"https:\/\/www.ovs-sic.be\/fr\/category\/algemeen\/"},"img":{"alt_text":"","src":"https:\/\/i0.wp.com\/www.ovs-sic.be\/fr\/wp-content\/uploads\/sites\/4\/2021\/09\/LEDENGELD-1.png?fit=640%2C318&ssl=1&resize=350%2C200","width":350,"height":200,"srcset":"https:\/\/i0.wp.com\/www.ovs-sic.be\/fr\/wp-content\/uploads\/sites\/4\/2021\/09\/LEDENGELD-1.png?fit=640%2C318&ssl=1&resize=350%2C200 1x, https:\/\/i0.wp.com\/www.ovs-sic.be\/fr\/wp-content\/uploads\/sites\/4\/2021\/09\/LEDENGELD-1.png?fit=640%2C318&ssl=1&resize=525%2C300 1.5x"},"classes":[]}],"_links":{"self":[{"href":"https:\/\/www.ovs-sic.be\/fr\/wp-json\/wp\/v2\/posts\/1122","targetHints":{"allow":["GET"]}}],"collection":[{"href":"https:\/\/www.ovs-sic.be\/fr\/wp-json\/wp\/v2\/posts"}],"about":[{"href":"https:\/\/www.ovs-sic.be\/fr\/wp-json\/wp\/v2\/types\/post"}],"author":[{"embeddable":true,"href":"https:\/\/www.ovs-sic.be\/fr\/wp-json\/wp\/v2\/users\/1"}],"replies":[{"embeddable":true,"href":"https:\/\/www.ovs-sic.be\/fr\/wp-json\/wp\/v2\/comments?post=1122"}],"version-history":[{"count":1,"href":"https:\/\/www.ovs-sic.be\/fr\/wp-json\/wp\/v2\/posts\/1122\/revisions"}],"predecessor-version":[{"id":1124,"href":"https:\/\/www.ovs-sic.be\/fr\/wp-json\/wp\/v2\/posts\/1122\/revisions\/1124"}],"wp:featuredmedia":[{"embeddable":true,"href":"https:\/\/www.ovs-sic.be\/fr\/wp-json\/wp\/v2\/media\/1123"}],"wp:attachment":[{"href":"https:\/\/www.ovs-sic.be\/fr\/wp-json\/wp\/v2\/media?parent=1122"}],"wp:term":[{"taxonomy":"category","embeddable":true,"href":"https:\/\/www.ovs-sic.be\/fr\/wp-json\/wp\/v2\/categories?post=1122"},{"taxonomy":"post_tag","embeddable":true,"href":"https:\/\/www.ovs-sic.be\/fr\/wp-json\/wp\/v2\/tags?post=1122"}],"curies":[{"name":"wp","href":"https:\/\/api.w.org\/{rel}","templated":true}]}}