{"id":1004,"date":"2020-02-17T15:32:34","date_gmt":"2020-02-17T14:32:34","guid":{"rendered":"https:\/\/www.ovs-sic.be\/fr\/?p=1004"},"modified":"2020-02-17T15:37:12","modified_gmt":"2020-02-17T14:37:12","slug":"directives-pour-accident-de-travail-ou-sur-le-chemin-du-travail","status":"publish","type":"post","link":"https:\/\/www.ovs-sic.be\/fr\/directives-pour-accident-de-travail-ou-sur-le-chemin-du-travail\/","title":{"rendered":"DIRECTIVES POUR ACCIDENT DE TRAVAIL OU SUR LE CHEMIN DU TRAVAIL"},"content":{"rendered":"\n<p style=\"text-align: center\">D&rsquo;abord, que consid\u00e8re-t-on comme un accident du travail ou sur le chemin du travail ?<\/p>\n<p style=\"text-align: center\">Un accident du travail est un \u00e9v\u00e8nement soudain survenant dans le cours de l&rsquo;ex\u00e9cution du service et par le fait de cette m\u00eame ex\u00e9cution, qui provoque une l\u00e9sion (physique ou psychique).<\/p>\n<p style=\"text-align: center\">Un accident sur le chemin du travail est un \u00e9v\u00e8nement soudain qui survient sur le trajet normal (= trajet entre le lieu de r\u00e9sidence et le lieu du travail et inversement), qui provoque une l\u00e9sion (physique ou psychique). Le trajet reste normal lorsqu&rsquo;on effectue un d\u00e9tour n\u00e9cessaire et raisonnablement justifiable tels que:<\/p>\n<ul>\n<li>pour effectuer du co-voiturage ;<\/li>\n<li>ou pour conduire ou reprendre ses enfants sur leur lieu de garde ou \u00e0 l&rsquo;\u00e9cole<\/li>\n<\/ul>\n<p><strong><u>Vous \u00eates statutaire&nbsp;:<\/u><\/strong><\/p>\n<p>En tant que collaborateur statutaire victime d\u2019un accident du travail ou sur le chemin du travail, c\u2019est HR Rail qui sera votre assureur. De ce fait, il sera indispensable de suivre la proc\u00e9dure sp\u00e9cifique.<\/p>\n<p>Que devez-vous faire en cas d\u2019accident du travail ?<\/p>\n<ul>\n<li>Pr\u00e9venez (ou faite pr\u00e9venir) imm\u00e9diatement (le jour m\u00eame) votre chef imm\u00e9diat ou votre hi\u00e9rarchie. Vous pouvez le faire oralement sur le lieu du travail ou, si vous avez d\u00e9j\u00e0 quitt\u00e9 votre lieu de travail, par t\u00e9l\u00e9phone, sms, e-mail, fax\u2026<\/li>\n<\/ul>\n<p>Cette d\u00e9marche est tr\u00e8s importante car elle constitue la base de l&rsquo;ouverture de votre dossier. En effet, c&rsquo;est \u00e0 partir des renseignements que vous aurez fournis \u00e0 votre chef imm\u00e9diat que la d\u00e9claration d&rsquo;accident pourra \u00eatre \u00e9tablie. Veillez donc \u00e0 bien pr\u00e9ciser les circonstances de l&rsquo;\u00e9v\u00e8nement et lui communiquer tous les documents probants (photos, t\u00e9moignages, PV de police, \u2026).<\/p>\n<p>Faites constater vos l\u00e9sions. En fonction de leur nature ou degr\u00e9 de gravit\u00e9, vous pouvez :<\/p>\n<p>\u25e6vous rendre aupr\u00e8s d&rsquo;un secouriste afin que les premiers soins y soient prodigu\u00e9s ;<\/p>\n<p>\u25e6vous rendre chez un m\u00e9decin ou l&rsquo;h\u00f4pital de votre choix. Dans ce cas, un certificat m\u00e9dical sp\u00e9cifique aux accidents du travail devra \u00eatre compl\u00e9t\u00e9. Assurez-vous que le m\u00e9decin y reprenne clairement la nature de vos l\u00e9sions ainsi que vos \u00e9ventuelles incapacit\u00e9s temporaires de travail (totale ou partielle).<\/p>\n<ul>\n<li>Transmettez par mail (atao@hr-rail.be) ou par courrier, le certificat m\u00e9dical des accidents du travail dans les 48h apr\u00e8s sa r\u00e9daction au bureau H-HR.351 &#8211; Accidents du travail.<\/li>\n<li>Parall\u00e8lement, signalez toujours votre incapacit\u00e9 temporaire de travail (prolongation\/rechute) \u00e0 votre chef imm\u00e9diat le plus rapidement possible. Veillez \u00e9galement \u00e0 communiquer la dur\u00e9e de votre incapacit\u00e9 \u00e0 votre GAPA (si vous travaillez \u00e0 la SNCB) ou \u00e0 votre BLP (si vous travaillez chez Infrabel).<\/li>\n<li>En cas de proposition de service l\u00e9ger mentionn\u00e9 sur le certificat, prenez contact directement avec IDEWE (078 15 58 68 ou rail@idewe.be), ce dernier se chargera de prendre contact avec votre hi\u00e9rarchie afin de d\u00e9terminer les possibilit\u00e9s\/modalit\u00e9s d\u2019un travail adapt\u00e9.<\/li>\n<\/ul>\n<p><strong><u>Vous \u00eates contractuel&nbsp;:<\/u><\/strong><\/p>\n<p>En tant que collaborateur contractuel victime d&rsquo;un accident du travail ou sur le chemin du travail, vous tombez dans le champ d&rsquo;application de la l\u00e9gislation en vigueur dans le secteur priv\u00e9 \u00e0 savoir la loi du 10 avril 1971 sur les accidents du travail.<\/p>\n<p>Les Chemins de fer belges ont contract\u00e9 une assurance accidents du travail avec AXA.<\/p>\n<p>AXA Belgium nv<\/p>\n<p>Place du Tr\u00f4ne, 1 &#8211; 1000 Brussel<\/p>\n<p>Tel : 02-622 70 00 &#8211; fax 02-678 81 48 &#8211; email: CWC@axa.be<\/p>\n","protected":false},"excerpt":{"rendered":"<p>D&rsquo;abord, que consid\u00e8re-t-on comme un accident du travail ou sur le chemin du travail ? Un accident du travail est un \u00e9v\u00e8nement soudain survenant dans le cours de l&rsquo;ex\u00e9cution du &hellip; <\/p>\n","protected":false},"author":2,"featured_media":1008,"comment_status":"open","ping_status":"open","sticky":false,"template":"","format":"standard","meta":{"jetpack_post_was_ever_published":false,"_jetpack_newsletter_access":"","_jetpack_dont_email_post_to_subs":false,"_jetpack_newsletter_tier_id":0,"_jetpack_memberships_contains_paywalled_content":false,"_jetpack_memberships_contains_paid_content":false,"footnotes":"","jetpack_publicize_message":"","jetpack_publicize_feature_enabled":true,"jetpack_social_post_already_shared":true,"jetpack_social_options":{"image_generator_settings":{"template":"highway","default_image_id":0,"font":"","enabled":false},"version":2}},"categories":[6],"tags":[],"class_list":["post-1004","post","type-post","status-publish","format-standard","has-post-thumbnail","hentry","category-algemeen"],"jetpack_publicize_connections":[],"jetpack_featured_media_url":"https:\/\/i0.wp.com\/www.ovs-sic.be\/fr\/wp-content\/uploads\/sites\/4\/2020\/02\/th7JANZ0SR.jpg?fit=450%2C300&ssl=1","jetpack_sharing_enabled":true,"jetpack_shortlink":"https:\/\/wp.me\/p9lyc6-gc","jetpack_likes_enabled":true,"jetpack-related-posts":[{"id":602,"url":"https:\/\/www.ovs-sic.be\/fr\/accidents-du-travail-sur-le-chemin-du-travail-du-nouveau-a-partir-du-1-07-pour-les-statutaires\/","url_meta":{"origin":1004,"position":0},"title":"Accidents du travail (sur le chemin du travail) : du nouveau \u00e0 partir du 1\/07 pour les statutaires","author":"Admin","date":"29 juillet 2018","format":false,"excerpt":"D\u00e8s le 1er juillet, les collaborateurs statutaires victimes d'un accident du travail ou sur le chemin du travail pourront se faire soigner par le m\u00e9decin ou l'h\u00f4pital de leur choix.\u00a0 Le service m\u00e9dical de HR Rail pour les accidents du travail assurera quant \u00e0 lui le contr\u00f4le de l'incapacit\u00e9 de\u2026","rel":"","context":"Dans &quot;Infos G\u00e9n\u00e9rales&quot;","block_context":{"text":"Infos G\u00e9n\u00e9rales","link":"https:\/\/www.ovs-sic.be\/fr\/category\/algemeen\/"},"img":{"alt_text":"","src":"https:\/\/i0.wp.com\/www.ovs-sic.be\/fr\/wp-content\/uploads\/sites\/4\/2018\/07\/shoe-fall-foot-reptile-yellow-peel-1078216-pxhere.com_.jpg?fit=1200%2C800&ssl=1&resize=350%2C200","width":350,"height":200,"srcset":"https:\/\/i0.wp.com\/www.ovs-sic.be\/fr\/wp-content\/uploads\/sites\/4\/2018\/07\/shoe-fall-foot-reptile-yellow-peel-1078216-pxhere.com_.jpg?fit=1200%2C800&ssl=1&resize=350%2C200 1x, https:\/\/i0.wp.com\/www.ovs-sic.be\/fr\/wp-content\/uploads\/sites\/4\/2018\/07\/shoe-fall-foot-reptile-yellow-peel-1078216-pxhere.com_.jpg?fit=1200%2C800&ssl=1&resize=525%2C300 1.5x, https:\/\/i0.wp.com\/www.ovs-sic.be\/fr\/wp-content\/uploads\/sites\/4\/2018\/07\/shoe-fall-foot-reptile-yellow-peel-1078216-pxhere.com_.jpg?fit=1200%2C800&ssl=1&resize=700%2C400 2x, https:\/\/i0.wp.com\/www.ovs-sic.be\/fr\/wp-content\/uploads\/sites\/4\/2018\/07\/shoe-fall-foot-reptile-yellow-peel-1078216-pxhere.com_.jpg?fit=1200%2C800&ssl=1&resize=1050%2C600 3x"},"classes":[]},{"id":832,"url":"https:\/\/www.ovs-sic.be\/fr\/avis-10-h-hr-2019-interruption-de-la-carriere-professionnelle-et-regimes-internes-a-temps-partiel-des-chemins-de-fer-belges\/","url_meta":{"origin":1004,"position":1},"title":"AVIS 10 H-HR 2019 INTERRUPTION DE LA CARRIERE PROFESSIONNELLE ET REGIMES INTERNES A TEMPS PARTIEL DES CHEMINS DE FER BELGES","author":"","date":"10 avril 2019","format":false,"excerpt":"Le nouvel avis pr\u00e9cise toutes les conditions pour b\u00e9n\u00e9ficier de l\u2019interruption de la carri\u00e8re professionnelle et des r\u00e9gimes \u00e0 temps partiel. Il y avait auparavant une dizaine d\u2019Avis diff\u00e9rents traitant des m\u00eames sujets et d\u00e9sormais tout est regroup\u00e9 dans un seul. Voici un r\u00e9sum\u00e9 avec des extraits de la r\u00e9glementation\u2026","rel":"","context":"Dans &quot;Infos G\u00e9n\u00e9rales&quot;","block_context":{"text":"Infos G\u00e9n\u00e9rales","link":"https:\/\/www.ovs-sic.be\/fr\/category\/algemeen\/"},"img":{"alt_text":"","src":"https:\/\/i0.wp.com\/www.ovs-sic.be\/fr\/wp-content\/uploads\/sites\/4\/2019\/04\/IMG_20190410_125534.jpg?fit=1200%2C619&ssl=1&resize=350%2C200","width":350,"height":200,"srcset":"https:\/\/i0.wp.com\/www.ovs-sic.be\/fr\/wp-content\/uploads\/sites\/4\/2019\/04\/IMG_20190410_125534.jpg?fit=1200%2C619&ssl=1&resize=350%2C200 1x, https:\/\/i0.wp.com\/www.ovs-sic.be\/fr\/wp-content\/uploads\/sites\/4\/2019\/04\/IMG_20190410_125534.jpg?fit=1200%2C619&ssl=1&resize=525%2C300 1.5x, https:\/\/i0.wp.com\/www.ovs-sic.be\/fr\/wp-content\/uploads\/sites\/4\/2019\/04\/IMG_20190410_125534.jpg?fit=1200%2C619&ssl=1&resize=700%2C400 2x, https:\/\/i0.wp.com\/www.ovs-sic.be\/fr\/wp-content\/uploads\/sites\/4\/2019\/04\/IMG_20190410_125534.jpg?fit=1200%2C619&ssl=1&resize=1050%2C600 3x"},"classes":[]},{"id":598,"url":"https:\/\/www.ovs-sic.be\/fr\/inaptitudes-medicales-les-regles-changent\/","url_meta":{"origin":1004,"position":2},"title":"Inaptitudes m\u00e9dicales : les r\u00e8gles changent !","author":"Admin","date":"29 juillet 2018","format":false,"excerpt":"Le 1er ao\u00fbt 2018, la nouvelle r\u00e8glementation relative aux inaptitudes m\u00e9dicales entrera en vigueur et un accompagnement personnalis\u00e9 sera mis en place pour les collaborateurs statutaires d\u00e9clar\u00e9s d\u00e9finitivement inaptes (que ce soit partiellement ou totalement) \u00e0 leurs fonctions normales. Si l'\u00e9tat de sant\u00e9 d'un collaborateur ne lui permet plus d'exercer\u2026","rel":"","context":"Dans &quot;Infos G\u00e9n\u00e9rales&quot;","block_context":{"text":"Infos G\u00e9n\u00e9rales","link":"https:\/\/www.ovs-sic.be\/fr\/category\/algemeen\/"},"img":{"alt_text":"","src":"https:\/\/i0.wp.com\/www.ovs-sic.be\/fr\/wp-content\/uploads\/sites\/4\/2018\/07\/hand-man-person-black-and-white-alone-male-1143377-pxhere.com_.jpg?fit=1166%2C768&ssl=1&resize=350%2C200","width":350,"height":200,"srcset":"https:\/\/i0.wp.com\/www.ovs-sic.be\/fr\/wp-content\/uploads\/sites\/4\/2018\/07\/hand-man-person-black-and-white-alone-male-1143377-pxhere.com_.jpg?fit=1166%2C768&ssl=1&resize=350%2C200 1x, https:\/\/i0.wp.com\/www.ovs-sic.be\/fr\/wp-content\/uploads\/sites\/4\/2018\/07\/hand-man-person-black-and-white-alone-male-1143377-pxhere.com_.jpg?fit=1166%2C768&ssl=1&resize=525%2C300 1.5x, https:\/\/i0.wp.com\/www.ovs-sic.be\/fr\/wp-content\/uploads\/sites\/4\/2018\/07\/hand-man-person-black-and-white-alone-male-1143377-pxhere.com_.jpg?fit=1166%2C768&ssl=1&resize=700%2C400 2x, https:\/\/i0.wp.com\/www.ovs-sic.be\/fr\/wp-content\/uploads\/sites\/4\/2018\/07\/hand-man-person-black-and-white-alone-male-1143377-pxhere.com_.jpg?fit=1166%2C768&ssl=1&resize=1050%2C600 3x"},"classes":[]},{"id":1326,"url":"https:\/\/www.ovs-sic.be\/fr\/intervention-du-sic-chez-b-to-concernant-pauses-et-e-learning\/","url_meta":{"origin":1004,"position":3},"title":"Intervention du SIC chez B-TO concernant les pauses et l&rsquo;E-LEARNING","author":"Admin","date":"10 mai 2024","format":false,"excerpt":"\u00c0 Monsieur Frank Windmolders,Directeur G\u00e9n\u00e9ral B-TO SNCB Cher Monsieur Windmolders, Par cette intervention, nous attirons votre attention sur la pression de travail croissante et le manque de pauses ad\u00e9quates pour le personnel de conduite des trains. Nous constatons que le personnel de conduite dispose de trop peu d'opportunit\u00e9s pour prendre\u2026","rel":"","context":"Dans &quot;Infos Loco&quot;","block_context":{"text":"Infos Loco","link":"https:\/\/www.ovs-sic.be\/fr\/category\/loco\/"},"img":{"alt_text":"","src":"https:\/\/i0.wp.com\/www.ovs-sic.be\/fr\/wp-content\/uploads\/sites\/4\/2023\/06\/stuurpost.jpg?fit=1200%2C540&ssl=1&resize=350%2C200","width":350,"height":200,"srcset":"https:\/\/i0.wp.com\/www.ovs-sic.be\/fr\/wp-content\/uploads\/sites\/4\/2023\/06\/stuurpost.jpg?fit=1200%2C540&ssl=1&resize=350%2C200 1x, https:\/\/i0.wp.com\/www.ovs-sic.be\/fr\/wp-content\/uploads\/sites\/4\/2023\/06\/stuurpost.jpg?fit=1200%2C540&ssl=1&resize=525%2C300 1.5x, https:\/\/i0.wp.com\/www.ovs-sic.be\/fr\/wp-content\/uploads\/sites\/4\/2023\/06\/stuurpost.jpg?fit=1200%2C540&ssl=1&resize=700%2C400 2x, https:\/\/i0.wp.com\/www.ovs-sic.be\/fr\/wp-content\/uploads\/sites\/4\/2023\/06\/stuurpost.jpg?fit=1200%2C540&ssl=1&resize=1050%2C600 3x"},"classes":[]},{"id":680,"url":"https:\/\/www.ovs-sic.be\/fr\/votez-1-elections-sociales\/","url_meta":{"origin":1004,"position":4},"title":"Votez 1 &#8211; Elections Sociales","author":"Admin","date":"29 novembre 2018","format":false,"excerpt":"En modifiant la loi du 23 juillet 1926 relative \u00e0 la SNCB et au personnel des Chemins de fer belges, le l\u00e9gislateur a permis aux travailleurs du rail de d\u00e9signer leurs repr\u00e9sentants syndicaux au sein des commissions paritaires r\u00e9gionales, des comit\u00e9s d\u2019entreprise et des comit\u00e9s pour la pr\u00e9vention et la\u2026","rel":"","context":"Dans &quot;Infos G\u00e9n\u00e9rales&quot;","block_context":{"text":"Infos G\u00e9n\u00e9rales","link":"https:\/\/www.ovs-sic.be\/fr\/category\/algemeen\/"},"img":{"alt_text":"","src":"https:\/\/i0.wp.com\/www.ovs-sic.be\/fr\/wp-content\/uploads\/sites\/4\/2018\/11\/electionssociales.png?fit=1200%2C675&ssl=1&resize=350%2C200","width":350,"height":200,"srcset":"https:\/\/i0.wp.com\/www.ovs-sic.be\/fr\/wp-content\/uploads\/sites\/4\/2018\/11\/electionssociales.png?fit=1200%2C675&ssl=1&resize=350%2C200 1x, https:\/\/i0.wp.com\/www.ovs-sic.be\/fr\/wp-content\/uploads\/sites\/4\/2018\/11\/electionssociales.png?fit=1200%2C675&ssl=1&resize=525%2C300 1.5x, https:\/\/i0.wp.com\/www.ovs-sic.be\/fr\/wp-content\/uploads\/sites\/4\/2018\/11\/electionssociales.png?fit=1200%2C675&ssl=1&resize=700%2C400 2x, https:\/\/i0.wp.com\/www.ovs-sic.be\/fr\/wp-content\/uploads\/sites\/4\/2018\/11\/electionssociales.png?fit=1200%2C675&ssl=1&resize=1050%2C600 3x"},"classes":[]},{"id":966,"url":"https:\/\/www.ovs-sic.be\/fr\/nouvelle-procedure-darbitrage-controles-medicaux-rgps-fasc571\/","url_meta":{"origin":1004,"position":5},"title":"NOUVELLE PROCEDURE D&rsquo;ARBITRAGE (contr\u00f4les medicaux-RGPS FASC 571)","author":"","date":"30 d\u00e9cembre 2019","format":false,"excerpt":"Le m\u00e9decin-contr\u00f4leur peut estimer que le membre du personnel sera apte \u00e0 reprendre le travail \u00e0 une date fix\u00e9e par lui. Le membre du personnel reprend par cons\u00e9quent le service \u00e0 la date indiqu\u00e9e par le m\u00e9decin-contr\u00f4leur, \u00e0 moins que la proc\u00e9dure d'arbitrage soit suivie. \u00a0 Si le m\u00e9decin-contr\u00f4leur demande\u2026","rel":"","context":"Dans &quot;Infos G\u00e9n\u00e9rales&quot;","block_context":{"text":"Infos G\u00e9n\u00e9rales","link":"https:\/\/www.ovs-sic.be\/fr\/category\/algemeen\/"},"img":{"alt_text":"","src":"https:\/\/i0.wp.com\/www.ovs-sic.be\/fr\/wp-content\/uploads\/sites\/4\/2019\/12\/IMG_20191230_151153_resized_20191230_031527173.jpg?fit=1200%2C900&ssl=1&resize=350%2C200","width":350,"height":200,"srcset":"https:\/\/i0.wp.com\/www.ovs-sic.be\/fr\/wp-content\/uploads\/sites\/4\/2019\/12\/IMG_20191230_151153_resized_20191230_031527173.jpg?fit=1200%2C900&ssl=1&resize=350%2C200 1x, https:\/\/i0.wp.com\/www.ovs-sic.be\/fr\/wp-content\/uploads\/sites\/4\/2019\/12\/IMG_20191230_151153_resized_20191230_031527173.jpg?fit=1200%2C900&ssl=1&resize=525%2C300 1.5x, https:\/\/i0.wp.com\/www.ovs-sic.be\/fr\/wp-content\/uploads\/sites\/4\/2019\/12\/IMG_20191230_151153_resized_20191230_031527173.jpg?fit=1200%2C900&ssl=1&resize=700%2C400 2x, https:\/\/i0.wp.com\/www.ovs-sic.be\/fr\/wp-content\/uploads\/sites\/4\/2019\/12\/IMG_20191230_151153_resized_20191230_031527173.jpg?fit=1200%2C900&ssl=1&resize=1050%2C600 3x"},"classes":[]}],"_links":{"self":[{"href":"https:\/\/www.ovs-sic.be\/fr\/wp-json\/wp\/v2\/posts\/1004","targetHints":{"allow":["GET"]}}],"collection":[{"href":"https:\/\/www.ovs-sic.be\/fr\/wp-json\/wp\/v2\/posts"}],"about":[{"href":"https:\/\/www.ovs-sic.be\/fr\/wp-json\/wp\/v2\/types\/post"}],"author":[{"embeddable":true,"href":"https:\/\/www.ovs-sic.be\/fr\/wp-json\/wp\/v2\/users\/2"}],"replies":[{"embeddable":true,"href":"https:\/\/www.ovs-sic.be\/fr\/wp-json\/wp\/v2\/comments?post=1004"}],"version-history":[{"count":4,"href":"https:\/\/www.ovs-sic.be\/fr\/wp-json\/wp\/v2\/posts\/1004\/revisions"}],"predecessor-version":[{"id":1009,"href":"https:\/\/www.ovs-sic.be\/fr\/wp-json\/wp\/v2\/posts\/1004\/revisions\/1009"}],"wp:featuredmedia":[{"embeddable":true,"href":"https:\/\/www.ovs-sic.be\/fr\/wp-json\/wp\/v2\/media\/1008"}],"wp:attachment":[{"href":"https:\/\/www.ovs-sic.be\/fr\/wp-json\/wp\/v2\/media?parent=1004"}],"wp:term":[{"taxonomy":"category","embeddable":true,"href":"https:\/\/www.ovs-sic.be\/fr\/wp-json\/wp\/v2\/categories?post=1004"},{"taxonomy":"post_tag","embeddable":true,"href":"https:\/\/www.ovs-sic.be\/fr\/wp-json\/wp\/v2\/tags?post=1004"}],"curies":[{"name":"wp","href":"https:\/\/api.w.org\/{rel}","templated":true}]}}